{"id":10213,"date":"2020-11-05T11:17:09","date_gmt":"2020-11-05T08:17:09","guid":{"rendered":"https:\/\/www.draamateater.ee\/?p=10213"},"modified":"2020-11-05T11:17:10","modified_gmt":"2020-11-05T08:17:10","slug":"semper-ja-ojasoo-toovad-draamateatri-lavale-kuritoost-ja-karistuse","status":"publish","type":"post","link":"https:\/\/www.draamateater.ee\/en\/meedia\/semper-ja-ojasoo-toovad-draamateatri-lavale-kuritoost-ja-karistuse\/","title":{"rendered":"Semper ja Ojasoo toovad Draamateatri lavale \u201eKurit\u00f6\u00f6st ja karistuse\u201c"},"content":{"rendered":"\n<p>13. detsembril esietendub Draamateatri suures saalis Ene-Liis Semperi ja Tiit Ojasoo lavaversioon Dostojevski \u201eKurit\u00f6\u00f6st ja karistusest\u201c.<\/p>\n\n\n\n<figure class=\"wp-block-image size-large\"><img loading=\"lazy\" decoding=\"async\" width=\"2512\" height=\"1675\" src=\"https:\/\/www.draamateater.ee\/wp-content\/uploads\/2020\/11\/DSC4715-2512x1675.jpg\" alt=\"\" class=\"wp-image-10214\" title=\"Ene-Liis Semperi ja Tiit Ojasoo &quot;Kurit\u00f6\u00f6 ja karistuse&quot; proov Draamateatri t\u00f6\u00f6kojas Suur-S\u00f5jam\u00e4el\" srcset=\"https:\/\/www.draamateater.ee\/wp-content\/uploads\/2020\/11\/DSC4715-2512x1675.jpg 2512w, https:\/\/www.draamateater.ee\/wp-content\/uploads\/2020\/11\/DSC4715-1256x837.jpg 1256w, https:\/\/www.draamateater.ee\/wp-content\/uploads\/2020\/11\/DSC4715-640x427.jpg 640w, https:\/\/www.draamateater.ee\/wp-content\/uploads\/2020\/11\/DSC4715-768x512.jpg 768w, https:\/\/www.draamateater.ee\/wp-content\/uploads\/2020\/11\/DSC4715-1536x1024.jpg 1536w, https:\/\/www.draamateater.ee\/wp-content\/uploads\/2020\/11\/DSC4715-2048x1366.jpg 2048w\" sizes=\"auto, (max-width: 2512px) 100vw, 2512px\" \/><figcaption>Ursel Tilk, Ene-Liis Semper, Uku Uusberg, Markus Luik, Tiit Ojasoo. Foto: Kadri Hallik<\/figcaption><\/figure>\n\n\n\n<p>Kui lavastuse senised proovid on toimunud k\u00f5igepealt veebikeskkonnas ja f\u00fc\u00fcsilise rollitunnetuse tabamisega tegeleti v\u00e4iksemas proovisaalis, siis n\u00fc\u00fcd sai trupp esimest korda kokku lavastuse dekoratsioonide vahel, mis on \u00fcles ehitatud Draamateatri t\u00f6\u00f6kodade koostesaali.<\/p>\n\n\n\n<p>Lavaproovide alguseks lugesid n\u00e4itlejad kolleegidele teatri erinevatest osakondadest ette \u201eKurit\u00f6\u00f6 ja karistuse\u201c lavateksti, lugemist t\u00e4iendasid omapoolsete kommentaaridega lavastajad Ene-Liis Semper ja Tiit Ojasoo.<\/p>\n\n\n\n<p>Intensiivne prooviperiood j\u00e4tkub Suur-S\u00f5jam\u00e4e t\u00f6\u00f6kodade ruumides ning m\u00f5ne n\u00e4dala p\u00e4rast kolib Raskolnikovi kurit\u00f6\u00f6 tegevuspaik Draamateatri suurele lavale. Esietenduseni on j\u00e4\u00e4nud kuus n\u00e4dalat.<\/p>\n\n\n\n<p>Fjodor Dostojevski \u201eKurit\u00f6\u00f6 ja karistuse\u201c instseneerijad, lavastajad ja lavakujunduse autorid on Ene-Liis Semper ja Tiit Ojasoo, valgus- ja videokunstnik Petri Tuhkanen, helilooja Jakob Juhkam.<\/p>\n\n\n\n<p>Osades on Ursel Tilk, Hendrik Toompere, Priit V\u00f5igemast, Taavi Teplenkov, Hilje Murel, Marian Heinat, Uku Uusberg, Helena Lotman ja Markus Luik.<\/p>\n\n\n\n<p><em><a href=\"https:\/\/www.draamateater.ee\/lavastus\/kuritoo-ja-karistus\/\">Lavastusest l\u00e4hemalt<\/a><\/em><\/p>\n","protected":false},"excerpt":{"rendered":"<p>13. detsembril esietendub Draamateatri suures saalis Ene-Liis Semperi ja Tiit Ojasoo lavaversioon Dostojevski \u201eKurit\u00f6\u00f6st ja karistusest\u201c. Kui lavastuse senised proovid on toimunud k\u00f5igepealt veebikeskkonnas ja f\u00fc\u00fcsilise rollitunnetuse tabamisega tegeleti v\u00e4iksemas proovisaalis, siis n\u00fc\u00fcd sai trupp esimest korda kokku lavastuse dekoratsioonide vahel, mis on \u00fcles ehitatud Draamateatri t\u00f6\u00f6kodade koostesaali. Lavaproovide alguseks lugesid n\u00e4itlejad kolleegidele teatri erinevatest [&hellip;]<\/p>\n","protected":false},"author":7,"featured_media":0,"comment_status":"open","ping_status":"open","sticky":false,"template":"","format":"standard","meta":{"_acf_changed":false,"footnotes":""},"categories":[18],"tags":[83,315,317,318,118,316,78,319],"class_list":["post-10213","post","type-post","status-publish","format-standard","hentry","category-meedia","tag-draamateater","tag-ene-liis-semper","tag-fjodor-dostojevski","tag-kuritoo-ja-karistus","tag-markus-luik","tag-tiit-ojasoo","tag-uku-uusberg","tag-ursel-tilk"],"acf":[],"yoast_head":"<!-- This site is optimized with the Yoast SEO plugin v27.5 - https:\/\/yoast.com\/product\/yoast-seo-wordpress\/ -->\n<title>Semper ja Ojasoo toovad Draamateatri lavale \u201eKurit\u00f6\u00f6st ja karistuse\u201c - Draamateater<\/title>\n<meta name=\"description\" content=\"Draamateatris k\u00e4ivad 13. detsembril esietenduva &quot;Kurit\u00f6\u00f6 ja karistuse&quot; proovid. Lavastajad Ene-Liis Semper ja Tiit Ojasoo, osades Ursel Tilk, Uku Uusberg, Markus Luik jt.\" \/>\n<meta name=\"robots\" content=\"index, follow, max-snippet:-1, max-image-preview:large, max-video-preview:-1\" \/>\n<link rel=\"canonical\" href=\"https:\/\/www.draamateater.ee\/en\/meedia\/semper-ja-ojasoo-toovad-draamateatri-lavale-kuritoost-ja-karistuse\/\" \/>\n<meta property=\"og:locale\" content=\"en_US\" \/>\n<meta property=\"og:type\" content=\"article\" \/>\n<meta property=\"og:title\" content=\"Semper ja Ojasoo toovad Draamateatri lavale \u201eKurit\u00f6\u00f6st ja karistuse\u201c\" \/>\n<meta property=\"og:description\" content=\"13.12.2020 esietendub suures saalis Ene-Liis Semperi ja Tiit Ojasoo &quot;Kurit\u00f6\u00f6 ja karistus&quot;. Piletid draamateater.ee\/mangukava, piletimaailm.com, teatri kassast.\" \/>\n<meta property=\"og:url\" content=\"https:\/\/www.draamateater.ee\/en\/meedia\/semper-ja-ojasoo-toovad-draamateatri-lavale-kuritoost-ja-karistuse\/\" \/>\n<meta property=\"og:site_name\" content=\"Draamateater\" \/>\n<meta property=\"article:publisher\" content=\"https:\/\/www.facebook.com\/draamateater\/\" \/>\n<meta property=\"article:published_time\" content=\"2020-11-05T08:17:09+00:00\" \/>\n<meta property=\"article:modified_time\" content=\"2020-11-05T08:17:10+00:00\" \/>\n<meta property=\"og:image\" content=\"https:\/\/www.draamateater.ee\/wp-content\/uploads\/2020\/11\/DSC4715-scaled.jpg\" \/>\n\t<meta property=\"og:image:width\" content=\"2560\" \/>\n\t<meta property=\"og:image:height\" content=\"1707\" \/>\n\t<meta property=\"og:image:type\" content=\"image\/jpeg\" \/>\n<meta name=\"author\" content=\"Kairi Kruus\" \/>\n<meta name=\"twitter:card\" content=\"summary_large_image\" \/>\n<meta name=\"twitter:title\" content=\"Semper ja Ojasoo toovad Draamateatri lavale \u201eKurit\u00f6\u00f6st ja karistuse\u201c\" \/>\n<meta name=\"twitter:description\" content=\"13.12.2020 esietendub suures saalis Ene-Liis Semperi ja Tiit Ojasoo &quot;Kurit\u00f6\u00f6 ja karistus&quot;. Piletid draamateater.ee\/mangukava, piletimaailm.com, teatri kassast.\" \/>\n<meta name=\"twitter:image\" content=\"https:\/\/www.draamateater.ee\/wp-content\/uploads\/2020\/11\/DSC4715-scaled.jpg\" \/>\n<meta name=\"twitter:label1\" content=\"Written by\" \/>\n\t<meta name=\"twitter:data1\" content=\"Kairi Kruus\" \/>\n\t<meta name=\"twitter:label2\" content=\"Est. reading time\" \/>\n\t<meta name=\"twitter:data2\" content=\"1 minute\" \/>\n<script type=\"application\/ld+json\" class=\"yoast-schema-graph\">{\"@context\":\"https:\\\/\\\/schema.org\",\"@graph\":[{\"@type\":\"Article\",\"@id\":\"https:\\\/\\\/www.draamateater.ee\\\/en\\\/meedia\\\/semper-ja-ojasoo-toovad-draamateatri-lavale-kuritoost-ja-karistuse\\\/#article\",\"isPartOf\":{\"@id\":\"https:\\\/\\\/www.draamateater.ee\\\/en\\\/meedia\\\/semper-ja-ojasoo-toovad-draamateatri-lavale-kuritoost-ja-karistuse\\\/\"},\"author\":{\"name\":\"Kairi Kruus\",\"@id\":\"https:\\\/\\\/www.draamateater.ee\\\/en\\\/#\\\/schema\\\/person\\\/c2f0b83b03132b10c11d41ba665c61a8\"},\"headline\":\"Semper ja Ojasoo toovad Draamateatri lavale \u201eKurit\u00f6\u00f6st ja karistuse\u201c\",\"datePublished\":\"2020-11-05T08:17:09+00:00\",\"dateModified\":\"2020-11-05T08:17:10+00:00\",\"mainEntityOfPage\":{\"@id\":\"https:\\\/\\\/www.draamateater.ee\\\/en\\\/meedia\\\/semper-ja-ojasoo-toovad-draamateatri-lavale-kuritoost-ja-karistuse\\\/\"},\"wordCount\":181,\"commentCount\":0,\"image\":{\"@id\":\"https:\\\/\\\/www.draamateater.ee\\\/en\\\/meedia\\\/semper-ja-ojasoo-toovad-draamateatri-lavale-kuritoost-ja-karistuse\\\/#primaryimage\"},\"thumbnailUrl\":\"https:\\\/\\\/www.draamateater.ee\\\/wp-content\\\/uploads\\\/2020\\\/11\\\/DSC4715-2512x1675.jpg\",\"keywords\":[\"Draamateater\",\"Ene-Liis Semper\",\"Fjodor Dostojevski\",\"Kurit\u00f6\u00f6 ja karistus\",\"markus luik\",\"Tiit Ojasoo\",\"uku uusberg\",\"Ursel Tilk\"],\"articleSection\":[\"Meedia\"],\"inLanguage\":\"en-US\"},{\"@type\":\"WebPage\",\"@id\":\"https:\\\/\\\/www.draamateater.ee\\\/en\\\/meedia\\\/semper-ja-ojasoo-toovad-draamateatri-lavale-kuritoost-ja-karistuse\\\/\",\"url\":\"https:\\\/\\\/www.draamateater.ee\\\/en\\\/meedia\\\/semper-ja-ojasoo-toovad-draamateatri-lavale-kuritoost-ja-karistuse\\\/\",\"name\":\"Semper ja Ojasoo toovad Draamateatri lavale \u201eKurit\u00f6\u00f6st ja karistuse\u201c - Draamateater\",\"isPartOf\":{\"@id\":\"https:\\\/\\\/www.draamateater.ee\\\/en\\\/#website\"},\"primaryImageOfPage\":{\"@id\":\"https:\\\/\\\/www.draamateater.ee\\\/en\\\/meedia\\\/semper-ja-ojasoo-toovad-draamateatri-lavale-kuritoost-ja-karistuse\\\/#primaryimage\"},\"image\":{\"@id\":\"https:\\\/\\\/www.draamateater.ee\\\/en\\\/meedia\\\/semper-ja-ojasoo-toovad-draamateatri-lavale-kuritoost-ja-karistuse\\\/#primaryimage\"},\"thumbnailUrl\":\"https:\\\/\\\/www.draamateater.ee\\\/wp-content\\\/uploads\\\/2020\\\/11\\\/DSC4715-2512x1675.jpg\",\"datePublished\":\"2020-11-05T08:17:09+00:00\",\"dateModified\":\"2020-11-05T08:17:10+00:00\",\"author\":{\"@id\":\"https:\\\/\\\/www.draamateater.ee\\\/en\\\/#\\\/schema\\\/person\\\/c2f0b83b03132b10c11d41ba665c61a8\"},\"description\":\"Draamateatris k\u00e4ivad 13. detsembril esietenduva \\\"Kurit\u00f6\u00f6 ja karistuse\\\" proovid. Lavastajad Ene-Liis Semper ja Tiit Ojasoo, osades Ursel Tilk, Uku Uusberg, Markus Luik jt.\",\"breadcrumb\":{\"@id\":\"https:\\\/\\\/www.draamateater.ee\\\/en\\\/meedia\\\/semper-ja-ojasoo-toovad-draamateatri-lavale-kuritoost-ja-karistuse\\\/#breadcrumb\"},\"inLanguage\":\"en-US\",\"potentialAction\":[{\"@type\":\"ReadAction\",\"target\":[\"https:\\\/\\\/www.draamateater.ee\\\/en\\\/meedia\\\/semper-ja-ojasoo-toovad-draamateatri-lavale-kuritoost-ja-karistuse\\\/\"]}]},{\"@type\":\"ImageObject\",\"inLanguage\":\"en-US\",\"@id\":\"https:\\\/\\\/www.draamateater.ee\\\/en\\\/meedia\\\/semper-ja-ojasoo-toovad-draamateatri-lavale-kuritoost-ja-karistuse\\\/#primaryimage\",\"url\":\"https:\\\/\\\/www.draamateater.ee\\\/wp-content\\\/uploads\\\/2020\\\/11\\\/DSC4715-2512x1675.jpg\",\"contentUrl\":\"https:\\\/\\\/www.draamateater.ee\\\/wp-content\\\/uploads\\\/2020\\\/11\\\/DSC4715-2512x1675.jpg\"},{\"@type\":\"BreadcrumbList\",\"@id\":\"https:\\\/\\\/www.draamateater.ee\\\/en\\\/meedia\\\/semper-ja-ojasoo-toovad-draamateatri-lavale-kuritoost-ja-karistuse\\\/#breadcrumb\",\"itemListElement\":[{\"@type\":\"ListItem\",\"position\":1,\"name\":\"Home\",\"item\":\"https:\\\/\\\/www.draamateater.ee\\\/en\\\/avaleht\\\/?lang=en\"},{\"@type\":\"ListItem\",\"position\":2,\"name\":\"Semper ja Ojasoo toovad Draamateatri lavale \u201eKurit\u00f6\u00f6st ja karistuse\u201c\"}]},{\"@type\":\"WebSite\",\"@id\":\"https:\\\/\\\/www.draamateater.ee\\\/en\\\/#website\",\"url\":\"https:\\\/\\\/www.draamateater.ee\\\/en\\\/\",\"name\":\"Draamateater\",\"description\":\"\",\"potentialAction\":[{\"@type\":\"SearchAction\",\"target\":{\"@type\":\"EntryPoint\",\"urlTemplate\":\"https:\\\/\\\/www.draamateater.ee\\\/en\\\/?s={search_term_string}\"},\"query-input\":{\"@type\":\"PropertyValueSpecification\",\"valueRequired\":true,\"valueName\":\"search_term_string\"}}],\"inLanguage\":\"en-US\"},{\"@type\":\"Person\",\"@id\":\"https:\\\/\\\/www.draamateater.ee\\\/en\\\/#\\\/schema\\\/person\\\/c2f0b83b03132b10c11d41ba665c61a8\",\"name\":\"Kairi Kruus\",\"image\":{\"@type\":\"ImageObject\",\"inLanguage\":\"en-US\",\"@id\":\"https:\\\/\\\/secure.gravatar.com\\\/avatar\\\/a292351db92bfce07690cffcb31bec880cce00b5b581031bcc44f3464aced5ad?s=96&d=mm&r=g\",\"url\":\"https:\\\/\\\/secure.gravatar.com\\\/avatar\\\/a292351db92bfce07690cffcb31bec880cce00b5b581031bcc44f3464aced5ad?s=96&d=mm&r=g\",\"contentUrl\":\"https:\\\/\\\/secure.gravatar.com\\\/avatar\\\/a292351db92bfce07690cffcb31bec880cce00b5b581031bcc44f3464aced5ad?s=96&d=mm&r=g\",\"caption\":\"Kairi Kruus\"},\"sameAs\":[\"http:\\\/\\\/www.draamateater.ee\"],\"url\":\"https:\\\/\\\/www.draamateater.ee\\\/en\\\/author\\\/kairi\\\/\"}]}<\/script>\n<!-- \/ Yoast SEO plugin. -->","yoast_head_json":{"title":"Semper ja Ojasoo toovad Draamateatri lavale \u201eKurit\u00f6\u00f6st ja karistuse\u201c - Draamateater","description":"Draamateatris k\u00e4ivad 13. detsembril esietenduva \"Kurit\u00f6\u00f6 ja karistuse\" proovid. Lavastajad Ene-Liis Semper ja Tiit Ojasoo, osades Ursel Tilk, Uku Uusberg, Markus Luik jt.","robots":{"index":"index","follow":"follow","max-snippet":"max-snippet:-1","max-image-preview":"max-image-preview:large","max-video-preview":"max-video-preview:-1"},"canonical":"https:\/\/www.draamateater.ee\/en\/meedia\/semper-ja-ojasoo-toovad-draamateatri-lavale-kuritoost-ja-karistuse\/","og_locale":"en_US","og_type":"article","og_title":"Semper ja Ojasoo toovad Draamateatri lavale \u201eKurit\u00f6\u00f6st ja karistuse\u201c","og_description":"13.12.2020 esietendub suures saalis Ene-Liis Semperi ja Tiit Ojasoo \"Kurit\u00f6\u00f6 ja karistus\". Piletid draamateater.ee\/mangukava, piletimaailm.com, teatri kassast.","og_url":"https:\/\/www.draamateater.ee\/en\/meedia\/semper-ja-ojasoo-toovad-draamateatri-lavale-kuritoost-ja-karistuse\/","og_site_name":"Draamateater","article_publisher":"https:\/\/www.facebook.com\/draamateater\/","article_published_time":"2020-11-05T08:17:09+00:00","article_modified_time":"2020-11-05T08:17:10+00:00","og_image":[{"width":2560,"height":1707,"url":"https:\/\/www.draamateater.ee\/wp-content\/uploads\/2020\/11\/DSC4715-scaled.jpg","type":"image\/jpeg"}],"author":"Kairi Kruus","twitter_card":"summary_large_image","twitter_title":"Semper ja Ojasoo toovad Draamateatri lavale \u201eKurit\u00f6\u00f6st ja karistuse\u201c","twitter_description":"13.12.2020 esietendub suures saalis Ene-Liis Semperi ja Tiit Ojasoo \"Kurit\u00f6\u00f6 ja karistus\". Piletid draamateater.ee\/mangukava, piletimaailm.com, teatri kassast.","twitter_image":"https:\/\/www.draamateater.ee\/wp-content\/uploads\/2020\/11\/DSC4715-scaled.jpg","twitter_misc":{"Written by":"Kairi Kruus","Est. reading time":"1 minute"},"schema":{"@context":"https:\/\/schema.org","@graph":[{"@type":"Article","@id":"https:\/\/www.draamateater.ee\/en\/meedia\/semper-ja-ojasoo-toovad-draamateatri-lavale-kuritoost-ja-karistuse\/#article","isPartOf":{"@id":"https:\/\/www.draamateater.ee\/en\/meedia\/semper-ja-ojasoo-toovad-draamateatri-lavale-kuritoost-ja-karistuse\/"},"author":{"name":"Kairi Kruus","@id":"https:\/\/www.draamateater.ee\/en\/#\/schema\/person\/c2f0b83b03132b10c11d41ba665c61a8"},"headline":"Semper ja Ojasoo toovad Draamateatri lavale \u201eKurit\u00f6\u00f6st ja karistuse\u201c","datePublished":"2020-11-05T08:17:09+00:00","dateModified":"2020-11-05T08:17:10+00:00","mainEntityOfPage":{"@id":"https:\/\/www.draamateater.ee\/en\/meedia\/semper-ja-ojasoo-toovad-draamateatri-lavale-kuritoost-ja-karistuse\/"},"wordCount":181,"commentCount":0,"image":{"@id":"https:\/\/www.draamateater.ee\/en\/meedia\/semper-ja-ojasoo-toovad-draamateatri-lavale-kuritoost-ja-karistuse\/#primaryimage"},"thumbnailUrl":"https:\/\/www.draamateater.ee\/wp-content\/uploads\/2020\/11\/DSC4715-2512x1675.jpg","keywords":["Draamateater","Ene-Liis Semper","Fjodor Dostojevski","Kurit\u00f6\u00f6 ja karistus","markus luik","Tiit Ojasoo","uku uusberg","Ursel Tilk"],"articleSection":["Meedia"],"inLanguage":"en-US"},{"@type":"WebPage","@id":"https:\/\/www.draamateater.ee\/en\/meedia\/semper-ja-ojasoo-toovad-draamateatri-lavale-kuritoost-ja-karistuse\/","url":"https:\/\/www.draamateater.ee\/en\/meedia\/semper-ja-ojasoo-toovad-draamateatri-lavale-kuritoost-ja-karistuse\/","name":"Semper ja Ojasoo toovad Draamateatri lavale \u201eKurit\u00f6\u00f6st ja karistuse\u201c - Draamateater","isPartOf":{"@id":"https:\/\/www.draamateater.ee\/en\/#website"},"primaryImageOfPage":{"@id":"https:\/\/www.draamateater.ee\/en\/meedia\/semper-ja-ojasoo-toovad-draamateatri-lavale-kuritoost-ja-karistuse\/#primaryimage"},"image":{"@id":"https:\/\/www.draamateater.ee\/en\/meedia\/semper-ja-ojasoo-toovad-draamateatri-lavale-kuritoost-ja-karistuse\/#primaryimage"},"thumbnailUrl":"https:\/\/www.draamateater.ee\/wp-content\/uploads\/2020\/11\/DSC4715-2512x1675.jpg","datePublished":"2020-11-05T08:17:09+00:00","dateModified":"2020-11-05T08:17:10+00:00","author":{"@id":"https:\/\/www.draamateater.ee\/en\/#\/schema\/person\/c2f0b83b03132b10c11d41ba665c61a8"},"description":"Draamateatris k\u00e4ivad 13. detsembril esietenduva \"Kurit\u00f6\u00f6 ja karistuse\" proovid. Lavastajad Ene-Liis Semper ja Tiit Ojasoo, osades Ursel Tilk, Uku Uusberg, Markus Luik jt.","breadcrumb":{"@id":"https:\/\/www.draamateater.ee\/en\/meedia\/semper-ja-ojasoo-toovad-draamateatri-lavale-kuritoost-ja-karistuse\/#breadcrumb"},"inLanguage":"en-US","potentialAction":[{"@type":"ReadAction","target":["https:\/\/www.draamateater.ee\/en\/meedia\/semper-ja-ojasoo-toovad-draamateatri-lavale-kuritoost-ja-karistuse\/"]}]},{"@type":"ImageObject","inLanguage":"en-US","@id":"https:\/\/www.draamateater.ee\/en\/meedia\/semper-ja-ojasoo-toovad-draamateatri-lavale-kuritoost-ja-karistuse\/#primaryimage","url":"https:\/\/www.draamateater.ee\/wp-content\/uploads\/2020\/11\/DSC4715-2512x1675.jpg","contentUrl":"https:\/\/www.draamateater.ee\/wp-content\/uploads\/2020\/11\/DSC4715-2512x1675.jpg"},{"@type":"BreadcrumbList","@id":"https:\/\/www.draamateater.ee\/en\/meedia\/semper-ja-ojasoo-toovad-draamateatri-lavale-kuritoost-ja-karistuse\/#breadcrumb","itemListElement":[{"@type":"ListItem","position":1,"name":"Home","item":"https:\/\/www.draamateater.ee\/en\/avaleht\/?lang=en"},{"@type":"ListItem","position":2,"name":"Semper ja Ojasoo toovad Draamateatri lavale \u201eKurit\u00f6\u00f6st ja karistuse\u201c"}]},{"@type":"WebSite","@id":"https:\/\/www.draamateater.ee\/en\/#website","url":"https:\/\/www.draamateater.ee\/en\/","name":"Draamateater","description":"","potentialAction":[{"@type":"SearchAction","target":{"@type":"EntryPoint","urlTemplate":"https:\/\/www.draamateater.ee\/en\/?s={search_term_string}"},"query-input":{"@type":"PropertyValueSpecification","valueRequired":true,"valueName":"search_term_string"}}],"inLanguage":"en-US"},{"@type":"Person","@id":"https:\/\/www.draamateater.ee\/en\/#\/schema\/person\/c2f0b83b03132b10c11d41ba665c61a8","name":"Kairi Kruus","image":{"@type":"ImageObject","inLanguage":"en-US","@id":"https:\/\/secure.gravatar.com\/avatar\/a292351db92bfce07690cffcb31bec880cce00b5b581031bcc44f3464aced5ad?s=96&d=mm&r=g","url":"https:\/\/secure.gravatar.com\/avatar\/a292351db92bfce07690cffcb31bec880cce00b5b581031bcc44f3464aced5ad?s=96&d=mm&r=g","contentUrl":"https:\/\/secure.gravatar.com\/avatar\/a292351db92bfce07690cffcb31bec880cce00b5b581031bcc44f3464aced5ad?s=96&d=mm&r=g","caption":"Kairi Kruus"},"sameAs":["http:\/\/www.draamateater.ee"],"url":"https:\/\/www.draamateater.ee\/en\/author\/kairi\/"}]}},"_links":{"self":[{"href":"https:\/\/www.draamateater.ee\/en\/wp-json\/wp\/v2\/posts\/10213","targetHints":{"allow":["GET"]}}],"collection":[{"href":"https:\/\/www.draamateater.ee\/en\/wp-json\/wp\/v2\/posts"}],"about":[{"href":"https:\/\/www.draamateater.ee\/en\/wp-json\/wp\/v2\/types\/post"}],"author":[{"embeddable":true,"href":"https:\/\/www.draamateater.ee\/en\/wp-json\/wp\/v2\/users\/7"}],"replies":[{"embeddable":true,"href":"https:\/\/www.draamateater.ee\/en\/wp-json\/wp\/v2\/comments?post=10213"}],"version-history":[{"count":1,"href":"https:\/\/www.draamateater.ee\/en\/wp-json\/wp\/v2\/posts\/10213\/revisions"}],"predecessor-version":[{"id":10223,"href":"https:\/\/www.draamateater.ee\/en\/wp-json\/wp\/v2\/posts\/10213\/revisions\/10223"}],"wp:attachment":[{"href":"https:\/\/www.draamateater.ee\/en\/wp-json\/wp\/v2\/media?parent=10213"}],"wp:term":[{"taxonomy":"category","embeddable":true,"href":"https:\/\/www.draamateater.ee\/en\/wp-json\/wp\/v2\/categories?post=10213"},{"taxonomy":"post_tag","embeddable":true,"href":"https:\/\/www.draamateater.ee\/en\/wp-json\/wp\/v2\/tags?post=10213"}],"curies":[{"name":"wp","href":"https:\/\/api.w.org\/{rel}","templated":true}]}}