{"id":11271,"date":"2020-12-17T10:00:00","date_gmt":"2020-12-17T07:00:00","guid":{"rendered":"https:\/\/www.draamateater.ee\/?p=11271"},"modified":"2020-12-15T23:29:19","modified_gmt":"2020-12-15T20:29:19","slug":"palavikuline-ja-painalik-kuritoo-ja-karistus","status":"publish","type":"post","link":"https:\/\/www.draamateater.ee\/en\/meedia\/palavikuline-ja-painalik-kuritoo-ja-karistus\/","title":{"rendered":"Palavikuline ja painalik \u201eKurit\u00f6\u00f6 ja karistus\u201c"},"content":{"rendered":"\n<figure class=\"wp-block-image size-large\"><img loading=\"lazy\" decoding=\"async\" width=\"2512\" height=\"1675\" src=\"https:\/\/www.draamateater.ee\/wp-content\/uploads\/2020\/12\/DSC04824-1-2512x1675.jpg\" alt=\"\" class=\"wp-image-11179\" srcset=\"https:\/\/www.draamateater.ee\/wp-content\/uploads\/2020\/12\/DSC04824-1-2512x1675.jpg 2512w, https:\/\/www.draamateater.ee\/wp-content\/uploads\/2020\/12\/DSC04824-1-1256x837.jpg 1256w, https:\/\/www.draamateater.ee\/wp-content\/uploads\/2020\/12\/DSC04824-1-640x427.jpg 640w, https:\/\/www.draamateater.ee\/wp-content\/uploads\/2020\/12\/DSC04824-1-768x512.jpg 768w, https:\/\/www.draamateater.ee\/wp-content\/uploads\/2020\/12\/DSC04824-1-1536x1024.jpg 1536w, https:\/\/www.draamateater.ee\/wp-content\/uploads\/2020\/12\/DSC04824-1-2048x1365.jpg 2048w\" sizes=\"auto, (max-width: 2512px) 100vw, 2512px\" \/><figcaption>Raskolnikov \u2013 Ursel Tilk. Foto: Gabriel Urm<\/figcaption><\/figure>\n\n\n\n<p><strong>Ene-Liis Semperi ja Tiit Ojasoo uuslavastus \u201eKurit\u00f6\u00f6 ja karistus\u201c on teet\u00e4his mitmeski m\u00f5ttes. See on esimene lavastus, mille nad toovad Eestis v\u00e4lja p\u00e4rast teatri NO99 l\u00f5petamist kaks aastat tagasi ning see on ka nende esimene lavastus Eesti Draamateatris p\u00e4rast kuueteist aasta tagust m\u00e4rgilist \u201eJuliat\u201c.<\/strong><\/p>\n\n\n\n<p>\u201eKurit\u00f6\u00f6 ja karistuse\u201c lavastasid Semper ja Ojasoo mullu kevadel \u0160veitsis Luzerni teatris. Sealse lavastuse kontseptsioon ja kujundus on j\u00f5udnud ka Eesti Draamateatrisse, lavastajad on edasi t\u00f6\u00f6tanud eelk\u00f5ige n\u00e4itlejat\u00f6\u00f6dega ning on selles j\u00f5udnud peaaegu filigraansete tulemusteni.<\/p>\n\n\n\n<p>Draamateatri suurel laval n\u00e4eme h\u00fcperrealistlikku n\u00f5ukogudeaegset kommunaalkorterit: m\u00e4\u00e4rdunud aknad, haiglakoridori v\u00e4rvi rohekassinistel seintel vee- ja hallituskahjustused. Estoplasti lambid. Seinavaip Kristuse ja lammastega. Lavastajad on j\u00e4\u00e4nud autorile v\u00f5rdlemisi truuks: Dostojevski romaani jutustavad nad l\u00e4bi peategelase, liigkasuv\u00f5tja vanamuti tapnud Raskolnikovi (Ursel Tilk) silmade.<\/p>\n\n\n\n<p>Lavastuse atmosf\u00e4\u00e4r on luupainajalik, unen\u00e4oline, kohati \u00f5\u00f5vastav. Vaatajat hoitakse pinevil ligi kolme ja poole tunni v\u00e4ltel, kaasates peaaegu k\u00f5iki tema meeli: l\u00e4bi maski tungib pidevalt ninna isegi paberossisuitsu lehk! Eesti teatri kontekstis on lavastus harvan\u00e4htavalt intensiivne ja n\u00e4itlemisstiil r\u00f5hutatult f\u00fc\u00fcsiline. Lavastuse stiil tervikuna on ekspressiivselt tinglik ning n\u00e4itlejate tegutsemise ajendiks on ps\u00fchhof\u00fc\u00fcsiline impulss.<\/p>\n\n\n\n<p>Terve lavastuse jooksul n\u00e4eme Raskolnikovi palavikulist seisundit p\u00e4rast kuriteo sooritamist. Dostojevski r\u00e4\u00e4gib oma romaanis noorest inimesest, kes tahab midagi erilist kogeda, midagi uut avastada, kuhugi kaugele j\u00f5uda, kuid saab samal ajal aru, et seda ei juhtu kunagi. Lavastajad ehk osutavad kaasaegse inimese sisemisele segadusele.<\/p>\n\n\n\n<p>Raskolnikov on oma olemuselt n\u00f5rga iseloomuga, aga on ta v\u00e4ljavalitu? Lavastajad k\u00fcsivad Dostojevski vaimus: kas eksisteerib v\u00e4ljavalitud inimesi, kes seisavad teistest k\u00f5rgemal, v\u00f5i peaks k\u00f5igile kehtima \u00fchtsed reeglid?<\/p>\n\n\n\n<p>Etendus l\u00e4heb kohe k\u00e4ima liigkasuv\u00f5tja (\u00f5udusfilmilikult groteskne Hilje Murel) ja tema \u00f5e (Marian Heinat) tapmisega. Ursel Tilga Raskolnikov hoiab kirvest \u00e4hvardavalt pea kohal \u2013 ja sellest saab m\u00e4rk! Sundliigutus. Raskolnikovi reetlik kirvest k\u00f5rgel hoidev k\u00e4si ilmneb ikka ja uuesti. Etenduse jooksul n\u00e4eme Raskolnikovi deemoneid, need v\u00e4ljenduvad ja v\u00e4ljuvad f\u00fc\u00fcsiliselt, keha peremehele vastumeelselt.<\/p>\n\n\n\n<p>Raskolnikov ei salli oma painajaid, aga need tulevad ikka ja j\u00e4lle. Ilmnevad kehaliselt sunnitud, kontrollimatu reaktsioonina. Ursel Tilga Raskolnikov on tahapoole kaldu justkui vabisev, puult langev leht. Miski ei allu keha omaniku ratsionaalsele tahtele, Raskolnikov pole peremees oma kehas.<\/p>\n\n\n\n<p>Ursel Tilga kui n\u00e4itleja tuntud tugevus ongi erakordselt plastiline liikumine, kuid Raskolnikovi vaikse olemise ja h\u00e4\u00e4lekasutusega saab veel arendada sisemist s\u00fcgavust.<\/p>\n\n\n\n<p><strong>Painajalik korter<\/strong><\/p>\n\n\n\n<p>P\u00e4rast kurit\u00f6\u00f6 sooritamist j\u00e4\u00e4b Raskolnikov liigkasuv\u00f5tja korterisse justkui vaimselt pidama: see palavikuline seisund on toodud lavale. Keskmes on klaustrofoobselt m\u00f5juv \u00fchiskorter. Raskolnikovi s\u00f5brad, perekond, uurija Porfiri \u2013 k\u00f5ik tegutsevad korteris Raskolnikovi \u00fcmber justkui groteskses luupainajas. \u00dchiskorteris puudub privaatsus. Palju inimesi elab v\u00e4iksel pinnal koos, k\u00f5ik teavad, mida keegi tegi, millest r\u00e4\u00e4kis. Midagi ei j\u00e4\u00e4 saladuseks v\u00f5i varjatuks. K\u00f5ik on k\u00f5igiga seotud. Lavale ongi toodud ekstreemne f\u00fc\u00fcsiline l\u00e4hedus: enamasti on k\u00f5ik tegelased pidevalt laval ja reageerivad parajasti fookusesse asetatud tegevusele.<\/p>\n\n\n\n<p>T\u00e4helepanuv\u00e4\u00e4rselt t\u00f5useb lavastuses esile n\u00e4itlemisstiil: teksti esitatakse kiirelt, ekspressiivselt, osaliselt karjudes, kuid rohkemgi on k\u00f5nelema pandud kehad. Justkui tekstiga paralleelselt, seda toetades v\u00f5i ka irdudes k\u00f5neleb n\u00e4itlejate f\u00fc\u00fcsiline keel. On haruldane, et suures, \u00fcheksaliikmelises trupis teevad peaaegu k\u00f5ik n\u00e4itlejad erakordse, \u00fcllatava v\u00f5i suisa t\u00e4iesti uuel tasemel soorituse.<\/p>\n\n\n\n<p>V\u00e4rskendav, et Ojasoo ja Semper ei t\u00f6\u00f6ta oma tuttava NO-trupiga, vaid mitme n\u00e4itlejaga kohtuvad nad esimest korda. T\u00e4helepanu \u00e4ratab ka, et trupis on suisa kolm lavastajat: m\u00f5nusalt \u00fcllatavad pigem harvem n\u00e4itlejana \u00fcles astuvad Uku Uusberg ja Hendrik Toompere, lisaks mitme suurep\u00e4rase lavastuse autor, kuid muidugi v\u00f5imsa n\u00e4itlejana tuntud Priit V\u00f5igemast.<\/p>\n\n\n\n<figure class=\"wp-block-image size-large\"><img loading=\"lazy\" decoding=\"async\" width=\"2512\" height=\"1675\" src=\"https:\/\/www.draamateater.ee\/wp-content\/uploads\/2020\/12\/DSC04816-2512x1675.jpg\" alt=\"\" class=\"wp-image-11177\" srcset=\"https:\/\/www.draamateater.ee\/wp-content\/uploads\/2020\/12\/DSC04816-2512x1675.jpg 2512w, https:\/\/www.draamateater.ee\/wp-content\/uploads\/2020\/12\/DSC04816-1256x837.jpg 1256w, https:\/\/www.draamateater.ee\/wp-content\/uploads\/2020\/12\/DSC04816-640x427.jpg 640w, https:\/\/www.draamateater.ee\/wp-content\/uploads\/2020\/12\/DSC04816-768x512.jpg 768w, https:\/\/www.draamateater.ee\/wp-content\/uploads\/2020\/12\/DSC04816-1536x1024.jpg 1536w, https:\/\/www.draamateater.ee\/wp-content\/uploads\/2020\/12\/DSC04816-2048x1365.jpg 2048w\" sizes=\"auto, (max-width: 2512px) 100vw, 2512px\" \/><figcaption>Porfiri \u2013 Priit V\u00f5igemast, Razumihhin &#8211; Uku Uusberg. Foto: Gabriela Urm.<\/figcaption><\/figure>\n\n\n\n<p>Uku Uusbergi \u00fcli\u00f5pilane Razumihhin on \u00fcdini \u00fcllatav, lavastajatelt k\u00fcmnesse n\u00e4itlejavalik: k\u00fcllap m\u00e4ngis siin otsuses ja rolli tulemuses kaasa Uusbergi loomulik, siiras ja avatud olek. Razumihhini saja viiek\u00fcmne kraadist siirast intensiivsuspurset peab ise kogema!<\/p>\n\n\n\n<p>Samuti l\u00f6\u00f6b pahviks ometi aastak\u00fcmneid rohkelt eriilmelisi rolle m\u00e4nginud Taavi Teplenkov. \u201eL\u00f6\u00f6ge mind risti!\u201c, on katkise vatijope ja punase n\u00e4oga s\u00f5ltlasest Marmeladovi appikarje. Sureva Marmeladovi viimased hinget\u00f5mbed teeb kaasa kogu trupp. Teplenkov ei esita siin ainult karikatuuri p\u00f5hjakihist, vaid lisab Marmeladovile teatava haleduse koos t\u00f5siseltv\u00f5etavusega. Kummaline kombinatsioon koomilistest ja siiralt liigutavatest n\u00e4itlejavahenditest!<\/p>\n\n\n\n<p>Eriti eksalteeritud moega saabuvad Raskolnikovi k\u00fclastama tema ema (Hilje Murel) ja \u00f5de (Marian Heinat). Mureli liikumine vanaeide ja ema m\u00f5neti kummituslike kujude vahel r\u00f5hutab lavastuse ideed esitada Raskolnikovi vaatepunkti, tema deemoneid. Draamateatris viimasel ajal pigem tagaplaanil olnud Hilje Murelile pakub lavastus t\u00e4nuv\u00e4\u00e4rset n\u00e4itlejav\u00f5imete avamist: lummav on, kuidas Murel Raskolnikovi emana lihtsalt nurgas istub, k\u00f6ssi vajub, siis j\u00e4lle sirutub, hiigelsuured silmad helesinise m\u00fctsi alt oma poja palavikulist, emale v\u00f5\u00f5rast maailma vaatlemas.<\/p>\n\n\n\n<figure class=\"wp-block-image size-large\"><img loading=\"lazy\" decoding=\"async\" width=\"2512\" height=\"1675\" src=\"https:\/\/www.draamateater.ee\/wp-content\/uploads\/2020\/12\/DSC04899-1-2512x1675.jpg\" alt=\"\" class=\"wp-image-11185\" srcset=\"https:\/\/www.draamateater.ee\/wp-content\/uploads\/2020\/12\/DSC04899-1-2512x1675.jpg 2512w, https:\/\/www.draamateater.ee\/wp-content\/uploads\/2020\/12\/DSC04899-1-1256x837.jpg 1256w, https:\/\/www.draamateater.ee\/wp-content\/uploads\/2020\/12\/DSC04899-1-640x427.jpg 640w, https:\/\/www.draamateater.ee\/wp-content\/uploads\/2020\/12\/DSC04899-1-768x512.jpg 768w, https:\/\/www.draamateater.ee\/wp-content\/uploads\/2020\/12\/DSC04899-1-1536x1024.jpg 1536w, https:\/\/www.draamateater.ee\/wp-content\/uploads\/2020\/12\/DSC04899-1-2048x1365.jpg 2048w\" sizes=\"auto, (max-width: 2512px) 100vw, 2512px\" \/><figcaption>Raskolnikov \u2013 Ursel Tilk, Raskolnikovi ema \u2013 Hilje Murel, Raskolnikovi \u00f5de &#8211; Marian Heinat. Foto: Gabriela Urm<\/figcaption><\/figure>\n\n\n\n<p>Raskolnikovi \u00f5de Dunjat tuleb v\u00e4lja ostma pahede kehastus Svidrigailov, kelle funktsioon Dostojevski romaanis on n\u00e4idata lunastuse erinevaid v\u00f5imalikkusi. Hendrik Toompere m\u00e4ngib dressides \u00fclbikut v\u00e4liselt sordiini all, kuid erilise pineva pinge all. V\u00e4ga v\u00e4rske ja p\u00f5nev sooritus! Elegantselt m\u00e4ngivad Toompere ja Tilk v\u00e4lja loo seisukohalt olulise paralleeli Svidrigailovi ja Raskolnikovi, kahe tapja, kahe s\u00fc\u00fcdlase vahel.<\/p>\n\n\n\n<p>Raskolnikovi s\u00fc\u00fc v\u00f5tab enda peale v\u00e4rvija Mikolka. Markus Luige Mikolkale on j\u00e4etud v\u00e4iksed, kuid seda t\u00e4psemad, v\u00e4rvikad s\u00f6\u00f6stud. V\u00f5imalik, et siinne roll on seni Markus Luige rollibiograafias \u00fcks paremaid (meenub ka Luige veenev eneseimetlejast kunstnik Priit V\u00f5igemasti lavastuses \u201eMonument\u201c).<\/p>\n\n\n\n<p><strong>V\u00f5imas kulminatsioon<\/strong><\/p>\n\n\n\n<p>Tegelaste galeriisse lisab oma m\u00fcstilise m\u00fcndi Helena Lotmani Sonja Marmeladova, kes astub painavasse \u00fchiskorterisse justkui teiselt planeedilt, Berliini t\u00e4navatelt tuttavas valges litsiriietuses. Sonja m\u00f5jub kui puhta ja r\u00e4pase, \u00fcleva ja alama v\u00f5itluse s\u00fcmbol. (Seksi)nukulik Sonja r\u00e4\u00e4gib vaikselt p\u00f5semikrofoni nagu masin. Tema sisemus ja v\u00e4limus on teineteisest t\u00e4ielikult v\u00f5\u00f5rdunud. \u00dcleinimlike kannatuste t\u00f5ttu on kadunud tema inimlikkus. Sonja h\u00e4\u00e4l on h\u00e4sti rahulik, aga masinlik, tundetu, emotsioonitu.<\/p>\n\n\n\n<p>Lavastuses on keskne aga Porfiri ja Raskolnikovi omavaheline m\u00f5\u00f5duv\u00f5tt ja v\u00f5imsaks kulminatsiooniks saab stseen, kus kurjategija ilmub kohtu-\u00aduurija juurde. Priit V\u00f5igemasti Porfiri on kui Raskolnikoviga kassi ja hiirt m\u00e4ngiv trikster.<\/p>\n\n\n\n<p>Etenduse jooksul asetab ta end toanurka, j\u00e4lgib k\u00f5ike, muigab, naerab, s\u00f5rmitseb kitarril Radioheadi \u201eCreepi\u201c. Kui kurjategija ise uurija-l\u00f5ksu langeb, muudab V\u00f5igemasti Porfiri t\u00f5elise triksterina oma n\u00e4gu: pannes selga liigkasuv\u00f5tja vanamuti riided, n\u00e4eme teda ikka l\u00e4bi Raskolnikovi silmade, painajaliku deemonina.<\/p>\n\n\n\n<p>Porfiri osutab Raskolnikovi sunnitud kehalistele reaktsioonidele, esitades deemonlikuna tema seest v\u00e4ljuvat sunnitud naeru. V\u00f5igemasti ja Tilga f\u00fc\u00fcsiline dialoog on ekstraklass, muutudes justkui v\u00f5itlevalt tantsisklevateks metsisteks.<\/p>\n\n\n\n<p>\u201eKurit\u00f6\u00f6 ja karistuse\u201c palavikuliselt painav atmosf\u00e4\u00e4r kestab ja kestab, kuid l\u00f5puks laheneb k\u00f5ik vaatajat \u00fclendavalt. Lavastus, mis l\u00e4bi erakordsete n\u00e4itlejat\u00f6\u00f6de m\u00f5tiskleb inimese moraalsete valikute \u00fcle, m\u00f5jub praegu vajalikuna.<\/p>\n\n\n\n<p><em>Madli Pesti, Postimees, 15.12.2020<\/em><br><\/p>\n\n\n\n<p><a href=\"https:\/\/www.draamateater.ee\/lavastus\/kuritoo-ja-karistus\/\" class=\"ek-link\">Lavastusest l\u00e4hemalt<\/a><\/p>\n","protected":false},"excerpt":{"rendered":"<p>Ene-Liis Semperi ja Tiit Ojasoo uuslavastus \u201eKurit\u00f6\u00f6 ja karistus\u201c on teet\u00e4his mitmeski m\u00f5ttes. See on esimene lavastus, mille nad toovad Eestis v\u00e4lja p\u00e4rast teatri NO99 l\u00f5petamist kaks aastat tagasi ning see on ka nende esimene lavastus Eesti Draamateatris p\u00e4rast kuueteist aasta tagust m\u00e4rgilist \u201eJuliat\u201c. \u201eKurit\u00f6\u00f6 ja karistuse\u201c lavastasid Semper ja Ojasoo mullu kevadel \u0160veitsis Luzerni [&hellip;]<\/p>\n","protected":false},"author":7,"featured_media":0,"comment_status":"open","ping_status":"open","sticky":false,"template":"","format":"standard","meta":{"_acf_changed":false,"footnotes":""},"categories":[18],"tags":[83,315,317,321,94,320,406,318,160,118,217,81,116,316,78,319],"class_list":["post-11271","post","type-post","status-publish","format-standard","hentry","category-meedia","tag-draamateater","tag-ene-liis-semper","tag-fjodor-dostojevski","tag-helena-lotman","tag-hendrik-toompere","tag-hilje-murel","tag-klassika","tag-kuritoo-ja-karistus","tag-marian-heinat","tag-markus-luik","tag-priit-voigemast","tag-suur-saal","tag-taavi-teplenkov","tag-tiit-ojasoo","tag-uku-uusberg","tag-ursel-tilk"],"acf":[],"yoast_head":"<!-- This site is optimized with the Yoast SEO plugin v27.5 - https:\/\/yoast.com\/product\/yoast-seo-wordpress\/ -->\n<title>Palavikuline ja painalik \u201eKurit\u00f6\u00f6 ja karistus\u201c - Draamateater<\/title>\n<meta name=\"description\" content=\"Madli Pesti kirjutab Semperi ja Ojasoo lavastusest &quot;Kurit\u00f6\u00f6 ja karistus&quot; (esietendus 13.12.2020): lavastuses m\u00f5tiskletakse inimese moraalsete valikute \u00fcle, boonuseks erakordsed n\u00e4itlejat\u00f6\u00f6d.\" \/>\n<meta name=\"robots\" content=\"index, follow, max-snippet:-1, max-image-preview:large, max-video-preview:-1\" \/>\n<link rel=\"canonical\" href=\"https:\/\/www.draamateater.ee\/en\/meedia\/palavikuline-ja-painalik-kuritoo-ja-karistus\/\" \/>\n<meta property=\"og:locale\" content=\"en_US\" \/>\n<meta property=\"og:type\" content=\"article\" \/>\n<meta property=\"og:title\" content=\"Madli Pesti arvustus lavastusest &quot;Kurit\u00f6\u00f6 ja karistus&quot;\" \/>\n<meta property=\"og:description\" content=\"&quot;Palavikuline ja painalik \u201eKurit\u00f6\u00f6 ja karistus\u201c&quot; - teatrikriitik Madli Pesti kirjutab taas Eestis lavastanud Ene-Liis Semperi ja Tiit Ojasoo uuest lavastusest.\" \/>\n<meta property=\"og:url\" content=\"https:\/\/www.draamateater.ee\/en\/meedia\/palavikuline-ja-painalik-kuritoo-ja-karistus\/\" \/>\n<meta property=\"og:site_name\" content=\"Draamateater\" \/>\n<meta property=\"article:publisher\" content=\"https:\/\/www.facebook.com\/draamateater\/\" \/>\n<meta property=\"article:published_time\" content=\"2020-12-17T07:00:00+00:00\" \/>\n<meta property=\"og:image\" content=\"https:\/\/www.draamateater.ee\/wp-content\/uploads\/2020\/12\/DSC04858-1-scaled.jpg\" \/>\n\t<meta property=\"og:image:width\" content=\"2560\" \/>\n\t<meta property=\"og:image:height\" content=\"1707\" \/>\n\t<meta property=\"og:image:type\" content=\"image\/jpeg\" \/>\n<meta name=\"author\" content=\"Kairi Kruus\" \/>\n<meta name=\"twitter:card\" content=\"summary_large_image\" \/>\n<meta name=\"twitter:title\" content=\"Madli Pesti arvustus lavastusest &quot;Kurit\u00f6\u00f6 ja karistus&quot;\" \/>\n<meta name=\"twitter:description\" content=\"&quot;Palavikuline ja painalik \u201eKurit\u00f6\u00f6 ja karistus\u201c&quot; - teatrikriitik Madli Pesti kirjutab taas Eestis lavastanud Ene-Liis Semperi ja Tiit Ojasoo uuest lavastusest.\" \/>\n<meta name=\"twitter:image\" content=\"https:\/\/www.draamateater.ee\/wp-content\/uploads\/2020\/12\/DSC04858-1-scaled.jpg\" \/>\n<meta name=\"twitter:label1\" content=\"Written by\" \/>\n\t<meta name=\"twitter:data1\" content=\"Kairi Kruus\" \/>\n\t<meta name=\"twitter:label2\" content=\"Est. reading time\" \/>\n\t<meta name=\"twitter:data2\" content=\"6 minutes\" \/>\n<script type=\"application\/ld+json\" class=\"yoast-schema-graph\">{\"@context\":\"https:\\\/\\\/schema.org\",\"@graph\":[{\"@type\":\"Article\",\"@id\":\"https:\\\/\\\/www.draamateater.ee\\\/en\\\/meedia\\\/palavikuline-ja-painalik-kuritoo-ja-karistus\\\/#article\",\"isPartOf\":{\"@id\":\"https:\\\/\\\/www.draamateater.ee\\\/en\\\/meedia\\\/palavikuline-ja-painalik-kuritoo-ja-karistus\\\/\"},\"author\":{\"name\":\"Kairi Kruus\",\"@id\":\"https:\\\/\\\/www.draamateater.ee\\\/en\\\/#\\\/schema\\\/person\\\/c2f0b83b03132b10c11d41ba665c61a8\"},\"headline\":\"Palavikuline ja painalik \u201eKurit\u00f6\u00f6 ja karistus\u201c\",\"datePublished\":\"2020-12-17T07:00:00+00:00\",\"mainEntityOfPage\":{\"@id\":\"https:\\\/\\\/www.draamateater.ee\\\/en\\\/meedia\\\/palavikuline-ja-painalik-kuritoo-ja-karistus\\\/\"},\"wordCount\":1203,\"commentCount\":0,\"image\":{\"@id\":\"https:\\\/\\\/www.draamateater.ee\\\/en\\\/meedia\\\/palavikuline-ja-painalik-kuritoo-ja-karistus\\\/#primaryimage\"},\"thumbnailUrl\":\"https:\\\/\\\/www.draamateater.ee\\\/wp-content\\\/uploads\\\/2020\\\/12\\\/DSC04824-1-2512x1675.jpg\",\"keywords\":[\"Draamateater\",\"Ene-Liis Semper\",\"Fjodor Dostojevski\",\"Helena Lotman\",\"hendrik toompere\",\"Hilje Murel\",\"klassika\",\"Kurit\u00f6\u00f6 ja karistus\",\"Marian Heinat\",\"markus luik\",\"Priit V\u00f5igemast\",\"suur saal\",\"taavi teplenkov\",\"Tiit Ojasoo\",\"uku uusberg\",\"Ursel Tilk\"],\"articleSection\":[\"Meedia\"],\"inLanguage\":\"en-US\"},{\"@type\":\"WebPage\",\"@id\":\"https:\\\/\\\/www.draamateater.ee\\\/en\\\/meedia\\\/palavikuline-ja-painalik-kuritoo-ja-karistus\\\/\",\"url\":\"https:\\\/\\\/www.draamateater.ee\\\/en\\\/meedia\\\/palavikuline-ja-painalik-kuritoo-ja-karistus\\\/\",\"name\":\"Palavikuline ja painalik \u201eKurit\u00f6\u00f6 ja karistus\u201c - Draamateater\",\"isPartOf\":{\"@id\":\"https:\\\/\\\/www.draamateater.ee\\\/en\\\/#website\"},\"primaryImageOfPage\":{\"@id\":\"https:\\\/\\\/www.draamateater.ee\\\/en\\\/meedia\\\/palavikuline-ja-painalik-kuritoo-ja-karistus\\\/#primaryimage\"},\"image\":{\"@id\":\"https:\\\/\\\/www.draamateater.ee\\\/en\\\/meedia\\\/palavikuline-ja-painalik-kuritoo-ja-karistus\\\/#primaryimage\"},\"thumbnailUrl\":\"https:\\\/\\\/www.draamateater.ee\\\/wp-content\\\/uploads\\\/2020\\\/12\\\/DSC04824-1-2512x1675.jpg\",\"datePublished\":\"2020-12-17T07:00:00+00:00\",\"author\":{\"@id\":\"https:\\\/\\\/www.draamateater.ee\\\/en\\\/#\\\/schema\\\/person\\\/c2f0b83b03132b10c11d41ba665c61a8\"},\"description\":\"Madli Pesti kirjutab Semperi ja Ojasoo lavastusest \\\"Kurit\u00f6\u00f6 ja karistus\\\" (esietendus 13.12.2020): lavastuses m\u00f5tiskletakse inimese moraalsete valikute \u00fcle, boonuseks erakordsed n\u00e4itlejat\u00f6\u00f6d.\",\"breadcrumb\":{\"@id\":\"https:\\\/\\\/www.draamateater.ee\\\/en\\\/meedia\\\/palavikuline-ja-painalik-kuritoo-ja-karistus\\\/#breadcrumb\"},\"inLanguage\":\"en-US\",\"potentialAction\":[{\"@type\":\"ReadAction\",\"target\":[\"https:\\\/\\\/www.draamateater.ee\\\/en\\\/meedia\\\/palavikuline-ja-painalik-kuritoo-ja-karistus\\\/\"]}]},{\"@type\":\"ImageObject\",\"inLanguage\":\"en-US\",\"@id\":\"https:\\\/\\\/www.draamateater.ee\\\/en\\\/meedia\\\/palavikuline-ja-painalik-kuritoo-ja-karistus\\\/#primaryimage\",\"url\":\"https:\\\/\\\/www.draamateater.ee\\\/wp-content\\\/uploads\\\/2020\\\/12\\\/DSC04824-1-2512x1675.jpg\",\"contentUrl\":\"https:\\\/\\\/www.draamateater.ee\\\/wp-content\\\/uploads\\\/2020\\\/12\\\/DSC04824-1-2512x1675.jpg\"},{\"@type\":\"BreadcrumbList\",\"@id\":\"https:\\\/\\\/www.draamateater.ee\\\/en\\\/meedia\\\/palavikuline-ja-painalik-kuritoo-ja-karistus\\\/#breadcrumb\",\"itemListElement\":[{\"@type\":\"ListItem\",\"position\":1,\"name\":\"Home\",\"item\":\"https:\\\/\\\/www.draamateater.ee\\\/en\\\/avaleht\\\/?lang=en\"},{\"@type\":\"ListItem\",\"position\":2,\"name\":\"Palavikuline ja painalik \u201eKurit\u00f6\u00f6 ja karistus\u201c\"}]},{\"@type\":\"WebSite\",\"@id\":\"https:\\\/\\\/www.draamateater.ee\\\/en\\\/#website\",\"url\":\"https:\\\/\\\/www.draamateater.ee\\\/en\\\/\",\"name\":\"Draamateater\",\"description\":\"\",\"potentialAction\":[{\"@type\":\"SearchAction\",\"target\":{\"@type\":\"EntryPoint\",\"urlTemplate\":\"https:\\\/\\\/www.draamateater.ee\\\/en\\\/?s={search_term_string}\"},\"query-input\":{\"@type\":\"PropertyValueSpecification\",\"valueRequired\":true,\"valueName\":\"search_term_string\"}}],\"inLanguage\":\"en-US\"},{\"@type\":\"Person\",\"@id\":\"https:\\\/\\\/www.draamateater.ee\\\/en\\\/#\\\/schema\\\/person\\\/c2f0b83b03132b10c11d41ba665c61a8\",\"name\":\"Kairi Kruus\",\"image\":{\"@type\":\"ImageObject\",\"inLanguage\":\"en-US\",\"@id\":\"https:\\\/\\\/secure.gravatar.com\\\/avatar\\\/a292351db92bfce07690cffcb31bec880cce00b5b581031bcc44f3464aced5ad?s=96&d=mm&r=g\",\"url\":\"https:\\\/\\\/secure.gravatar.com\\\/avatar\\\/a292351db92bfce07690cffcb31bec880cce00b5b581031bcc44f3464aced5ad?s=96&d=mm&r=g\",\"contentUrl\":\"https:\\\/\\\/secure.gravatar.com\\\/avatar\\\/a292351db92bfce07690cffcb31bec880cce00b5b581031bcc44f3464aced5ad?s=96&d=mm&r=g\",\"caption\":\"Kairi Kruus\"},\"sameAs\":[\"http:\\\/\\\/www.draamateater.ee\"],\"url\":\"https:\\\/\\\/www.draamateater.ee\\\/en\\\/author\\\/kairi\\\/\"}]}<\/script>\n<!-- \/ Yoast SEO plugin. -->","yoast_head_json":{"title":"Palavikuline ja painalik \u201eKurit\u00f6\u00f6 ja karistus\u201c - Draamateater","description":"Madli Pesti kirjutab Semperi ja Ojasoo lavastusest \"Kurit\u00f6\u00f6 ja karistus\" (esietendus 13.12.2020): lavastuses m\u00f5tiskletakse inimese moraalsete valikute \u00fcle, boonuseks erakordsed n\u00e4itlejat\u00f6\u00f6d.","robots":{"index":"index","follow":"follow","max-snippet":"max-snippet:-1","max-image-preview":"max-image-preview:large","max-video-preview":"max-video-preview:-1"},"canonical":"https:\/\/www.draamateater.ee\/en\/meedia\/palavikuline-ja-painalik-kuritoo-ja-karistus\/","og_locale":"en_US","og_type":"article","og_title":"Madli Pesti arvustus lavastusest \"Kurit\u00f6\u00f6 ja karistus\"","og_description":"\"Palavikuline ja painalik \u201eKurit\u00f6\u00f6 ja karistus\u201c\" - teatrikriitik Madli Pesti kirjutab taas Eestis lavastanud Ene-Liis Semperi ja Tiit Ojasoo uuest lavastusest.","og_url":"https:\/\/www.draamateater.ee\/en\/meedia\/palavikuline-ja-painalik-kuritoo-ja-karistus\/","og_site_name":"Draamateater","article_publisher":"https:\/\/www.facebook.com\/draamateater\/","article_published_time":"2020-12-17T07:00:00+00:00","og_image":[{"width":2560,"height":1707,"url":"https:\/\/www.draamateater.ee\/wp-content\/uploads\/2020\/12\/DSC04858-1-scaled.jpg","type":"image\/jpeg"}],"author":"Kairi Kruus","twitter_card":"summary_large_image","twitter_title":"Madli Pesti arvustus lavastusest \"Kurit\u00f6\u00f6 ja karistus\"","twitter_description":"\"Palavikuline ja painalik \u201eKurit\u00f6\u00f6 ja karistus\u201c\" - teatrikriitik Madli Pesti kirjutab taas Eestis lavastanud Ene-Liis Semperi ja Tiit Ojasoo uuest lavastusest.","twitter_image":"https:\/\/www.draamateater.ee\/wp-content\/uploads\/2020\/12\/DSC04858-1-scaled.jpg","twitter_misc":{"Written by":"Kairi Kruus","Est. reading time":"6 minutes"},"schema":{"@context":"https:\/\/schema.org","@graph":[{"@type":"Article","@id":"https:\/\/www.draamateater.ee\/en\/meedia\/palavikuline-ja-painalik-kuritoo-ja-karistus\/#article","isPartOf":{"@id":"https:\/\/www.draamateater.ee\/en\/meedia\/palavikuline-ja-painalik-kuritoo-ja-karistus\/"},"author":{"name":"Kairi Kruus","@id":"https:\/\/www.draamateater.ee\/en\/#\/schema\/person\/c2f0b83b03132b10c11d41ba665c61a8"},"headline":"Palavikuline ja painalik \u201eKurit\u00f6\u00f6 ja karistus\u201c","datePublished":"2020-12-17T07:00:00+00:00","mainEntityOfPage":{"@id":"https:\/\/www.draamateater.ee\/en\/meedia\/palavikuline-ja-painalik-kuritoo-ja-karistus\/"},"wordCount":1203,"commentCount":0,"image":{"@id":"https:\/\/www.draamateater.ee\/en\/meedia\/palavikuline-ja-painalik-kuritoo-ja-karistus\/#primaryimage"},"thumbnailUrl":"https:\/\/www.draamateater.ee\/wp-content\/uploads\/2020\/12\/DSC04824-1-2512x1675.jpg","keywords":["Draamateater","Ene-Liis Semper","Fjodor Dostojevski","Helena Lotman","hendrik toompere","Hilje Murel","klassika","Kurit\u00f6\u00f6 ja karistus","Marian Heinat","markus luik","Priit V\u00f5igemast","suur saal","taavi teplenkov","Tiit Ojasoo","uku uusberg","Ursel Tilk"],"articleSection":["Meedia"],"inLanguage":"en-US"},{"@type":"WebPage","@id":"https:\/\/www.draamateater.ee\/en\/meedia\/palavikuline-ja-painalik-kuritoo-ja-karistus\/","url":"https:\/\/www.draamateater.ee\/en\/meedia\/palavikuline-ja-painalik-kuritoo-ja-karistus\/","name":"Palavikuline ja painalik \u201eKurit\u00f6\u00f6 ja karistus\u201c - Draamateater","isPartOf":{"@id":"https:\/\/www.draamateater.ee\/en\/#website"},"primaryImageOfPage":{"@id":"https:\/\/www.draamateater.ee\/en\/meedia\/palavikuline-ja-painalik-kuritoo-ja-karistus\/#primaryimage"},"image":{"@id":"https:\/\/www.draamateater.ee\/en\/meedia\/palavikuline-ja-painalik-kuritoo-ja-karistus\/#primaryimage"},"thumbnailUrl":"https:\/\/www.draamateater.ee\/wp-content\/uploads\/2020\/12\/DSC04824-1-2512x1675.jpg","datePublished":"2020-12-17T07:00:00+00:00","author":{"@id":"https:\/\/www.draamateater.ee\/en\/#\/schema\/person\/c2f0b83b03132b10c11d41ba665c61a8"},"description":"Madli Pesti kirjutab Semperi ja Ojasoo lavastusest \"Kurit\u00f6\u00f6 ja karistus\" (esietendus 13.12.2020): lavastuses m\u00f5tiskletakse inimese moraalsete valikute \u00fcle, boonuseks erakordsed n\u00e4itlejat\u00f6\u00f6d.","breadcrumb":{"@id":"https:\/\/www.draamateater.ee\/en\/meedia\/palavikuline-ja-painalik-kuritoo-ja-karistus\/#breadcrumb"},"inLanguage":"en-US","potentialAction":[{"@type":"ReadAction","target":["https:\/\/www.draamateater.ee\/en\/meedia\/palavikuline-ja-painalik-kuritoo-ja-karistus\/"]}]},{"@type":"ImageObject","inLanguage":"en-US","@id":"https:\/\/www.draamateater.ee\/en\/meedia\/palavikuline-ja-painalik-kuritoo-ja-karistus\/#primaryimage","url":"https:\/\/www.draamateater.ee\/wp-content\/uploads\/2020\/12\/DSC04824-1-2512x1675.jpg","contentUrl":"https:\/\/www.draamateater.ee\/wp-content\/uploads\/2020\/12\/DSC04824-1-2512x1675.jpg"},{"@type":"BreadcrumbList","@id":"https:\/\/www.draamateater.ee\/en\/meedia\/palavikuline-ja-painalik-kuritoo-ja-karistus\/#breadcrumb","itemListElement":[{"@type":"ListItem","position":1,"name":"Home","item":"https:\/\/www.draamateater.ee\/en\/avaleht\/?lang=en"},{"@type":"ListItem","position":2,"name":"Palavikuline ja painalik \u201eKurit\u00f6\u00f6 ja karistus\u201c"}]},{"@type":"WebSite","@id":"https:\/\/www.draamateater.ee\/en\/#website","url":"https:\/\/www.draamateater.ee\/en\/","name":"Draamateater","description":"","potentialAction":[{"@type":"SearchAction","target":{"@type":"EntryPoint","urlTemplate":"https:\/\/www.draamateater.ee\/en\/?s={search_term_string}"},"query-input":{"@type":"PropertyValueSpecification","valueRequired":true,"valueName":"search_term_string"}}],"inLanguage":"en-US"},{"@type":"Person","@id":"https:\/\/www.draamateater.ee\/en\/#\/schema\/person\/c2f0b83b03132b10c11d41ba665c61a8","name":"Kairi Kruus","image":{"@type":"ImageObject","inLanguage":"en-US","@id":"https:\/\/secure.gravatar.com\/avatar\/a292351db92bfce07690cffcb31bec880cce00b5b581031bcc44f3464aced5ad?s=96&d=mm&r=g","url":"https:\/\/secure.gravatar.com\/avatar\/a292351db92bfce07690cffcb31bec880cce00b5b581031bcc44f3464aced5ad?s=96&d=mm&r=g","contentUrl":"https:\/\/secure.gravatar.com\/avatar\/a292351db92bfce07690cffcb31bec880cce00b5b581031bcc44f3464aced5ad?s=96&d=mm&r=g","caption":"Kairi Kruus"},"sameAs":["http:\/\/www.draamateater.ee"],"url":"https:\/\/www.draamateater.ee\/en\/author\/kairi\/"}]}},"_links":{"self":[{"href":"https:\/\/www.draamateater.ee\/en\/wp-json\/wp\/v2\/posts\/11271","targetHints":{"allow":["GET"]}}],"collection":[{"href":"https:\/\/www.draamateater.ee\/en\/wp-json\/wp\/v2\/posts"}],"about":[{"href":"https:\/\/www.draamateater.ee\/en\/wp-json\/wp\/v2\/types\/post"}],"author":[{"embeddable":true,"href":"https:\/\/www.draamateater.ee\/en\/wp-json\/wp\/v2\/users\/7"}],"replies":[{"embeddable":true,"href":"https:\/\/www.draamateater.ee\/en\/wp-json\/wp\/v2\/comments?post=11271"}],"version-history":[{"count":1,"href":"https:\/\/www.draamateater.ee\/en\/wp-json\/wp\/v2\/posts\/11271\/revisions"}],"predecessor-version":[{"id":11272,"href":"https:\/\/www.draamateater.ee\/en\/wp-json\/wp\/v2\/posts\/11271\/revisions\/11272"}],"wp:attachment":[{"href":"https:\/\/www.draamateater.ee\/en\/wp-json\/wp\/v2\/media?parent=11271"}],"wp:term":[{"taxonomy":"category","embeddable":true,"href":"https:\/\/www.draamateater.ee\/en\/wp-json\/wp\/v2\/categories?post=11271"},{"taxonomy":"post_tag","embeddable":true,"href":"https:\/\/www.draamateater.ee\/en\/wp-json\/wp\/v2\/tags?post=11271"}],"curies":[{"name":"wp","href":"https:\/\/api.w.org\/{rel}","templated":true}]}}