{"id":15875,"date":"2021-05-28T23:03:14","date_gmt":"2021-05-28T20:03:14","guid":{"rendered":"https:\/\/www.draamateater.ee\/?p=15875"},"modified":"2021-05-28T23:03:15","modified_gmt":"2021-05-28T20:03:15","slug":"kunst-ei-kaitse-kurjuse-eest","status":"publish","type":"post","link":"https:\/\/www.draamateater.ee\/en\/meedia\/kunst-ei-kaitse-kurjuse-eest\/","title":{"rendered":"Kunst ei kaitse kurjuse eest"},"content":{"rendered":"\n<p><strong>Epp Vallikivi<\/strong><\/p>\n\n\n\n<p>Rasketel aegadel otsib inimene tihti lohutust v\u00f5i tuge kunstist-klassikutest. Maalikunst, muusika, teater v\u00f5i kirjandus \u2013 kuidas kellelegi \u2013 pakuvad vaimule h\u00e4davajalikku varjupaika maailmas, kus f\u00fc\u00fcsiline heaolu (vaimsest r\u00e4\u00e4kimata) on pidevas ohus. Niisamuti nagu suudab kunst pakkuda varjupaika igap\u00e4evaelu koledustest, v\u00f5ib sealne rahu ning eemalolek hakata v\u00e4\u00e4nama vaadet p\u00e4riselule. Enese kunsti taha \u00e4ra peitmine v\u00f5ib muutuda ahvatlevaks viisiks ebamugava \u00fcmbrusega toimetulekuks. Esietendusele j\u00e4rgnenud \u00f5htul k\u00e4isin vaatamas Klaus Manni kirjutatud romaanil p\u00f5hinevat lavastust \u201eMefisto\u201d. T\u00fckk, mille fookuses on saksa n\u00e4itlejal Gustav Gr\u00fcndgensil p\u00f5hinev karakter Hendrik H\u00f6fgen, toob vaataja silmade ette 1930. aastate Saksamaa, seal toimunud poliitilised muutused ning arengud. Lavastus oli hoogne, kuid s\u00fcgav, etenduses oli n\u00e4ha, kuidas tekstiga tehtud t\u00f6\u00f6 oli esietenduse j\u00e4rel veidi settinud, ent samas ei puudunud m\u00e4ngust \u00f5hin, millega esitati osaliste jaoks siiski v\u00f5rdlemisi v\u00e4rsket materjali.<br><br>Lavastajad ja n\u00e4itlejad, nagu laiemalt kultuuriinimesed, on \u00fchiskonna peeglid. \u00dchiskond, milles valitseb demokraatia ja s\u00f5navabadus, on ka kultuuris vaba \u2013 kunsti v\u00f5ib luua, esitada ja eksponeerida ilma hirmuta. Lavastajal (ja ka n\u00e4itlejal, kes teksti laval edasi annab) on v\u00f5imalus oma arvamust avaldada, ilma et keegi kirjutaks ette, mida tohib \u00f6elda ja mis on keelatud. Kui \u00fchiskonnas tekivad ilmingud, mis liiguvad s\u00f5navabadusest eemale, on kunstivaldkond \u00fcks esimesi, mille vabadusi piirama hakatakse. Ka \u201eMefisto\u201d lugu ja lavastus on nagu v\u00e4ike mudel p\u00e4ris \u00fchiskonnast. Mann kujutab tekstis olukorda, kus muutuv riigikord ning ideoloogia hakkab vaikselt, kuid sihikindlalt kultuurielu muutma. T\u00fckk n\u00e4itab maailma, kus H\u00f6fgen elab, kuidas see moondub ja milliseks see inimest selle sees muudab. H\u00f6fgen, kes alguses on valjuh\u00e4\u00e4lselt nende ilmingute vastu, kasvab aegamisi uuest olukorrast l\u00e4bi ning hakkab pikkam\u00f6\u00f6da k\u00f5igepealt ennast, siis juba ka teda \u00fcmbritsevaid vaikimisele ja tasasele allumisele m\u00f5jutama. N\u00e4itleja kui karakteri\/inimt\u00fc\u00fcbi m\u00e4ngimine annab \u201ep\u00e4ris\u201d n\u00e4itlejale v\u00f5imaluse vaadata ja k\u00fcsida endalt, kas tema sellel hetkel laval seistes on neutraalne ja iseseisev. Milline vastutus lasub tal publiku v\u00f5i (riigi)v\u00f5imu ees? Kas seal seistes on ta oma otsustes ja loomingus prii, kas ta peab oma p\u00f5him\u00f5tteid muutma v\u00f5i neist \u00fcldse loobuma? Loodetavasti on selles lavastuses kaasategemine olnud Juhan Ulfsaki, aga ka laiemalt terve trupi jaoks soodne v\u00f5imalus oma elukutset k\u00f5rvalt vaadata ning m\u00f5testada oma loomingu t\u00e4htsust \u00fchiskonnas. On nad laval oma rollides vabad (on neil \u00f5igus esitada teksti nii, nagu kirjanik selle kunagi kirja on pannud) ega piira nad oma tegevusi \u2013 ei l\u00e4he sama teed, mida m\u00f6\u00f6da l\u00e4ks H\u00f6fgen.<br><br>Peategelane H\u00f6fgen oli keeruline ning mitmekihiline karakter, kes t\u00f5i kunsti tegemise oma muutuvatele vaadetele ning tegudele ettek\u00e4\u00e4ndeks. Ilmekalt kandis seda esitatud dialoog Teele P\u00e4rna tegelase Barbara ning Ulfsaki H\u00f6fgeni vahel. Neiu \u00fctles n\u00e4itlejale, et too ei saa riigiteatri laval Shakespeare\u2019i taha end \u00e4ra peita, sest ei mahu sinna. H\u00f6fgen vastas aga sellele, et veel palju suuremad mehed on sinna taha \u00e4ra mahtunud. Nii nagu Shakespeare, muutus terve n\u00e4itleja elukutse \u00fcsna kiiresti H\u00f6fgeni jaoks millekski, mis pakkus turvalist kaitset riigis valitseva kurjuse eest. Oli ju \u00e4\u00e4rmiselt mugav silmad kinni pigistada ning ennast ja teisi veenda \u2013 olen k\u00f5igest n\u00e4itleja ja teen oma t\u00f6\u00f6d. J\u00e4rk-j\u00e4rgult m\u00f6\u00f6ndusi tehes unustas ta oma endised vaated ning hakkas j\u00e4rjest enam langetama otsuseid, mis oleksid meele j\u00e4rele ka v\u00f5imuesindajatele. Algul loobus ta laval kritiseerimisest, kuid j\u00f5udis v\u00e4lja \u201e\u00f5igetele inimestele\u201d pugemiseni, r\u00e4\u00e4kides neile seda, mida kuulda taheti. Nii kasvas s\u00fcsteem vaikselt ja salakavalat ta \u00fcmber, neelates l\u00f5puks endasse. V\u00f5imust v\u00f5tva s\u00fcsteemi ja \u00fclekantud t\u00e4henduses kurjuse tulekut s\u00fcmboliseerisid minu jaoks ka r\u00f5dudelt alla lastud natsis\u00fcmboliga lipud. Julgelt pooltele saalis istunud inimestele j\u00e4i see vaikselt ilmuv v\u00e4ike \u017eest m\u00e4rkamata. See liigutus ning H\u00f6fgeni tegelaskuju illustreerisid h\u00e4sti, kui lihtne on lasta kurjusel end \u00fcmbritseda ja kinni p\u00fc\u00fcda, ilma seda isegi m\u00e4rkamata.<br><br>Teatri roll on panna inimene m\u00f5tlema, luua publikuga kontakt ning anda edasi s\u00f5num n\u00e4itlejate poolt esitatud teksti ning kogu lavastusliku terviku kaudu. \u201eMefisto\u201d lavastaja Kertu Moppel on oma varasemates teatrit\u00fckkides mitu korda \u00fchiskonnas aktuaalsete teemadega m\u00e4rki tabanud. Nende lavastuste j\u00f5udmine publikuni on olnud justkui kokkum\u00e4ng \u00fchiskonnas toimuvaga, kusjuures tuleb silmas pidada, et \u00fche lavastuse valmimine v\u00f5ib v\u00f5tta aastaid ja selle aja jooksul on \u00fchiskondlikult aktuaalsed teemad pidevas muutuses. Ka \u201eMefistoga\u201d tabas Moppel \u00fcsna t\u00e4pselt hetkel Eestis ja kogu maailmas toimuvat. N\u00e4iteks kasutati lavastuse l\u00f5pu poole natsi s\u00fcmboli haakristiga lippe, mis olid sinimustvalgel taustal. See oli justkui hoiatus v\u00f5i \u00fcleskutse valvsusele ka Eestis riigis toimuvale. Kunagi ei saa \u00f6elda, et ajalugu ei kordu v\u00f5i see ei ole v\u00f5imalik, et t\u00e4nap\u00e4eval midagi sellist juhtuda v\u00f5iks. Lisaks riigiv\u00f5imule osutavatele (varjatud) vihjetele kasutati lavastuses peidetud vihjeid ka erinevate \u00fchiskonnagruppide suunas. Lavastuse l\u00f5pus on peategelane H\u00f6fgen l\u00fchikese aja jooksul vastuollu l\u00e4inud oma varasemate p\u00f5him\u00f5tetega, reetnud s\u00f5brad ning alistunud natsiv\u00f5imule. L\u00f5pustseenis astub lavale Sandra Ashilevi, kes kehastas peategelase tumedanahalist k\u00e4skijannat ning kelle n\u00e4gu on valgeks v\u00f5\u00f5batud (siin saab v\u00f5rdluseks tuua \u00fchiskonnas veidi aega tagasi v\u00e4ga aktuaalseks kerkinud blackface\u2019i k\u00fcsimuse). Selle kujundi sisse toomine v\u00f5is lisaks nahav\u00e4rvi k\u00fcsimusele viidata ka sellele, kuidas v\u00e4lise maailma m\u00f5jul, \u00fchiskondliku surve \u00f5hutamisel v\u00f5ivad v\u00f5imuvahekorrad muutuda vastupidiseks. Alguses oli H\u00f6fgen nende suhtes \u201calistuv\u201d pool ning tema jaoks polnud nahav\u00e4rv probleem, kuid olukorra muutudes ei sobinud naine enam tema ellu. Paraku j\u00e4\u00e4b see ilmselgelt taotluslik stseen vaatajale siiski natuke liiga keeruliselt m\u00f5istetavaks. Oli see puhtalt p\u00e4evapoliitiline vihje? V\u00f5i vihje, et tumedanahaline inimene valgete \u00fchiskonnas ei suuda end rehabiliteerida ega saa kunagi osade arvates p\u00e4riselt v\u00f5rdseks? M\u00f5ne kujundi v\u00f5i viite t\u00e4hendus v\u00f5is k\u00fcll ebaselgeks j\u00e4\u00e4da, kuid siiski tekitasid nad minus \u2013 ja ma usun ka teistes vaatajates \u2013 sisemise v\u00f5i v\u00e4lise arutelu ehk v\u00f5ib v\u00e4ita, et selle lavastusega suudeti publik aktiivsemalt kaasa m\u00f5tlema panna.<br><br>\u201eMefisto\u201d lavastuse \u00fcheks tugevuseks oli kindlasti lavastaja Kertu Moppeli ning Juhan Ulfsaki kooslus. Ulfsaki kergelt koomiline ning naeruv\u00e4\u00e4ristav m\u00e4ngulaad l\u00f5i sisu tegeliku traagilisuse ja t\u00f5sidusega m\u00f5jusa kontrasti. Minu jaoks kandis kogu lavastust H\u00f6fgen \u2013 iseenesest loomulik, oli ta ju peategelane \u2013 kelle v\u00e4rvikus v\u00f5is pealtn\u00e4ha ollagi koomilise tegelase peamine \u00fclesanne, kuid tegelikult toimis ta kui hoiatav n\u00e4ide tervele \u00fchiskonnale. Kuigi lavastuse kujundus, teised rollid ning k\u00f5rvalosat\u00e4itjad moodustasid \u00fchtse terviku ning nende hulgast Ulfsaki k\u00f5val ehk nii eredalt esilekerkivaid esitusi polnud, moodustas kogu \u201ek\u00f5rvalj\u00f5ud\u201d H\u00f6fgenile m\u00f5jusa ning kindla fooni, mille taustal Ulfsak veelgi eredamalt ning m\u00f5jusamalt s\u00e4rada sai.<\/p>\n","protected":false},"excerpt":{"rendered":"<p>Epp Vallikivi Rasketel aegadel otsib inimene tihti lohutust v\u00f5i tuge kunstist-klassikutest. Maalikunst, muusika, teater v\u00f5i kirjandus \u2013 kuidas kellelegi \u2013 pakuvad vaimule h\u00e4davajalikku varjupaika maailmas, kus f\u00fc\u00fcsiline heaolu (vaimsest r\u00e4\u00e4kimata) on pidevas ohus. Niisamuti nagu suudab kunst pakkuda varjupaika igap\u00e4evaelu koledustest, v\u00f5ib sealne rahu ning eemalolek hakata v\u00e4\u00e4nama vaadet p\u00e4riselule. Enese kunsti taha \u00e4ra peitmine [&hellip;]<\/p>\n","protected":false},"author":7,"featured_media":0,"comment_status":"open","ping_status":"open","sticky":false,"template":"","format":"standard","meta":{"_acf_changed":false,"footnotes":""},"categories":[18],"tags":[508],"class_list":["post-15875","post","type-post","status-publish","format-standard","hentry","category-meedia","tag-arvustuste-voistlus"],"acf":[],"yoast_head":"<!-- This site is optimized with the Yoast SEO plugin v27.5 - https:\/\/yoast.com\/product\/yoast-seo-wordpress\/ -->\n<title>Kunst ei kaitse kurjuse eest - Epp Vallikivi - Draamateater<\/title>\n<meta name=\"description\" content=\"Epp Vallikivi arvustus lavastusest &quot;Mefisto&quot;, mis v\u00f5itis 2021. aasta Eesti Draamateatri arvustuste v\u00f5istlusel III koha.\" \/>\n<meta name=\"robots\" content=\"index, follow, max-snippet:-1, max-image-preview:large, max-video-preview:-1\" \/>\n<link rel=\"canonical\" href=\"https:\/\/www.draamateater.ee\/en\/meedia\/kunst-ei-kaitse-kurjuse-eest\/\" \/>\n<meta property=\"og:locale\" content=\"en_US\" \/>\n<meta property=\"og:type\" content=\"article\" \/>\n<meta property=\"og:title\" content=\"Kunst ei kaitse kurjuse eest - Epp Vallikivi - Draamateater\" \/>\n<meta property=\"og:description\" content=\"Epp Vallikivi arvustus lavastusest &quot;Mefisto&quot;, mis v\u00f5itis 2021. aasta Eesti Draamateatri arvustuste v\u00f5istlusel III koha.\" \/>\n<meta property=\"og:url\" content=\"https:\/\/www.draamateater.ee\/en\/meedia\/kunst-ei-kaitse-kurjuse-eest\/\" \/>\n<meta property=\"og:site_name\" content=\"Draamateater\" \/>\n<meta property=\"article:publisher\" content=\"https:\/\/www.facebook.com\/draamateater\/\" \/>\n<meta property=\"article:published_time\" content=\"2021-05-28T20:03:14+00:00\" \/>\n<meta property=\"article:modified_time\" content=\"2021-05-28T20:03:15+00:00\" \/>\n<meta name=\"author\" content=\"Kairi Kruus\" \/>\n<meta name=\"twitter:card\" content=\"summary_large_image\" \/>\n<meta name=\"twitter:label1\" content=\"Written by\" \/>\n\t<meta name=\"twitter:data1\" content=\"Kairi Kruus\" \/>\n\t<meta name=\"twitter:label2\" content=\"Est. reading time\" \/>\n\t<meta name=\"twitter:data2\" content=\"5 minutes\" \/>\n<script type=\"application\/ld+json\" class=\"yoast-schema-graph\">{\"@context\":\"https:\\\/\\\/schema.org\",\"@graph\":[{\"@type\":\"Article\",\"@id\":\"https:\\\/\\\/www.draamateater.ee\\\/en\\\/meedia\\\/kunst-ei-kaitse-kurjuse-eest\\\/#article\",\"isPartOf\":{\"@id\":\"https:\\\/\\\/www.draamateater.ee\\\/en\\\/meedia\\\/kunst-ei-kaitse-kurjuse-eest\\\/\"},\"author\":{\"name\":\"Kairi Kruus\",\"@id\":\"https:\\\/\\\/www.draamateater.ee\\\/en\\\/#\\\/schema\\\/person\\\/c2f0b83b03132b10c11d41ba665c61a8\"},\"headline\":\"Kunst ei kaitse kurjuse eest\",\"datePublished\":\"2021-05-28T20:03:14+00:00\",\"dateModified\":\"2021-05-28T20:03:15+00:00\",\"mainEntityOfPage\":{\"@id\":\"https:\\\/\\\/www.draamateater.ee\\\/en\\\/meedia\\\/kunst-ei-kaitse-kurjuse-eest\\\/\"},\"wordCount\":1153,\"commentCount\":0,\"keywords\":[\"arvustuste v\u00f5istlus\"],\"articleSection\":[\"Meedia\"],\"inLanguage\":\"en-US\"},{\"@type\":\"WebPage\",\"@id\":\"https:\\\/\\\/www.draamateater.ee\\\/en\\\/meedia\\\/kunst-ei-kaitse-kurjuse-eest\\\/\",\"url\":\"https:\\\/\\\/www.draamateater.ee\\\/en\\\/meedia\\\/kunst-ei-kaitse-kurjuse-eest\\\/\",\"name\":\"Kunst ei kaitse kurjuse eest - Epp Vallikivi - Draamateater\",\"isPartOf\":{\"@id\":\"https:\\\/\\\/www.draamateater.ee\\\/en\\\/#website\"},\"datePublished\":\"2021-05-28T20:03:14+00:00\",\"dateModified\":\"2021-05-28T20:03:15+00:00\",\"author\":{\"@id\":\"https:\\\/\\\/www.draamateater.ee\\\/en\\\/#\\\/schema\\\/person\\\/c2f0b83b03132b10c11d41ba665c61a8\"},\"description\":\"Epp Vallikivi arvustus lavastusest \\\"Mefisto\\\", mis v\u00f5itis 2021. aasta Eesti Draamateatri arvustuste v\u00f5istlusel III koha.\",\"breadcrumb\":{\"@id\":\"https:\\\/\\\/www.draamateater.ee\\\/en\\\/meedia\\\/kunst-ei-kaitse-kurjuse-eest\\\/#breadcrumb\"},\"inLanguage\":\"en-US\",\"potentialAction\":[{\"@type\":\"ReadAction\",\"target\":[\"https:\\\/\\\/www.draamateater.ee\\\/en\\\/meedia\\\/kunst-ei-kaitse-kurjuse-eest\\\/\"]}]},{\"@type\":\"BreadcrumbList\",\"@id\":\"https:\\\/\\\/www.draamateater.ee\\\/en\\\/meedia\\\/kunst-ei-kaitse-kurjuse-eest\\\/#breadcrumb\",\"itemListElement\":[{\"@type\":\"ListItem\",\"position\":1,\"name\":\"Home\",\"item\":\"https:\\\/\\\/www.draamateater.ee\\\/en\\\/avaleht\\\/?lang=en\"},{\"@type\":\"ListItem\",\"position\":2,\"name\":\"Kunst ei kaitse kurjuse eest\"}]},{\"@type\":\"WebSite\",\"@id\":\"https:\\\/\\\/www.draamateater.ee\\\/en\\\/#website\",\"url\":\"https:\\\/\\\/www.draamateater.ee\\\/en\\\/\",\"name\":\"Draamateater\",\"description\":\"\",\"potentialAction\":[{\"@type\":\"SearchAction\",\"target\":{\"@type\":\"EntryPoint\",\"urlTemplate\":\"https:\\\/\\\/www.draamateater.ee\\\/en\\\/?s={search_term_string}\"},\"query-input\":{\"@type\":\"PropertyValueSpecification\",\"valueRequired\":true,\"valueName\":\"search_term_string\"}}],\"inLanguage\":\"en-US\"},{\"@type\":\"Person\",\"@id\":\"https:\\\/\\\/www.draamateater.ee\\\/en\\\/#\\\/schema\\\/person\\\/c2f0b83b03132b10c11d41ba665c61a8\",\"name\":\"Kairi Kruus\",\"image\":{\"@type\":\"ImageObject\",\"inLanguage\":\"en-US\",\"@id\":\"https:\\\/\\\/secure.gravatar.com\\\/avatar\\\/a292351db92bfce07690cffcb31bec880cce00b5b581031bcc44f3464aced5ad?s=96&d=mm&r=g\",\"url\":\"https:\\\/\\\/secure.gravatar.com\\\/avatar\\\/a292351db92bfce07690cffcb31bec880cce00b5b581031bcc44f3464aced5ad?s=96&d=mm&r=g\",\"contentUrl\":\"https:\\\/\\\/secure.gravatar.com\\\/avatar\\\/a292351db92bfce07690cffcb31bec880cce00b5b581031bcc44f3464aced5ad?s=96&d=mm&r=g\",\"caption\":\"Kairi Kruus\"},\"sameAs\":[\"http:\\\/\\\/www.draamateater.ee\"],\"url\":\"https:\\\/\\\/www.draamateater.ee\\\/en\\\/author\\\/kairi\\\/\"}]}<\/script>\n<!-- \/ Yoast SEO plugin. -->","yoast_head_json":{"title":"Kunst ei kaitse kurjuse eest - Epp Vallikivi - Draamateater","description":"Epp Vallikivi arvustus lavastusest \"Mefisto\", mis v\u00f5itis 2021. aasta Eesti Draamateatri arvustuste v\u00f5istlusel III koha.","robots":{"index":"index","follow":"follow","max-snippet":"max-snippet:-1","max-image-preview":"max-image-preview:large","max-video-preview":"max-video-preview:-1"},"canonical":"https:\/\/www.draamateater.ee\/en\/meedia\/kunst-ei-kaitse-kurjuse-eest\/","og_locale":"en_US","og_type":"article","og_title":"Kunst ei kaitse kurjuse eest - Epp Vallikivi - Draamateater","og_description":"Epp Vallikivi arvustus lavastusest \"Mefisto\", mis v\u00f5itis 2021. aasta Eesti Draamateatri arvustuste v\u00f5istlusel III koha.","og_url":"https:\/\/www.draamateater.ee\/en\/meedia\/kunst-ei-kaitse-kurjuse-eest\/","og_site_name":"Draamateater","article_publisher":"https:\/\/www.facebook.com\/draamateater\/","article_published_time":"2021-05-28T20:03:14+00:00","article_modified_time":"2021-05-28T20:03:15+00:00","author":"Kairi Kruus","twitter_card":"summary_large_image","twitter_misc":{"Written by":"Kairi Kruus","Est. reading time":"5 minutes"},"schema":{"@context":"https:\/\/schema.org","@graph":[{"@type":"Article","@id":"https:\/\/www.draamateater.ee\/en\/meedia\/kunst-ei-kaitse-kurjuse-eest\/#article","isPartOf":{"@id":"https:\/\/www.draamateater.ee\/en\/meedia\/kunst-ei-kaitse-kurjuse-eest\/"},"author":{"name":"Kairi Kruus","@id":"https:\/\/www.draamateater.ee\/en\/#\/schema\/person\/c2f0b83b03132b10c11d41ba665c61a8"},"headline":"Kunst ei kaitse kurjuse eest","datePublished":"2021-05-28T20:03:14+00:00","dateModified":"2021-05-28T20:03:15+00:00","mainEntityOfPage":{"@id":"https:\/\/www.draamateater.ee\/en\/meedia\/kunst-ei-kaitse-kurjuse-eest\/"},"wordCount":1153,"commentCount":0,"keywords":["arvustuste v\u00f5istlus"],"articleSection":["Meedia"],"inLanguage":"en-US"},{"@type":"WebPage","@id":"https:\/\/www.draamateater.ee\/en\/meedia\/kunst-ei-kaitse-kurjuse-eest\/","url":"https:\/\/www.draamateater.ee\/en\/meedia\/kunst-ei-kaitse-kurjuse-eest\/","name":"Kunst ei kaitse kurjuse eest - Epp Vallikivi - Draamateater","isPartOf":{"@id":"https:\/\/www.draamateater.ee\/en\/#website"},"datePublished":"2021-05-28T20:03:14+00:00","dateModified":"2021-05-28T20:03:15+00:00","author":{"@id":"https:\/\/www.draamateater.ee\/en\/#\/schema\/person\/c2f0b83b03132b10c11d41ba665c61a8"},"description":"Epp Vallikivi arvustus lavastusest \"Mefisto\", mis v\u00f5itis 2021. aasta Eesti Draamateatri arvustuste v\u00f5istlusel III koha.","breadcrumb":{"@id":"https:\/\/www.draamateater.ee\/en\/meedia\/kunst-ei-kaitse-kurjuse-eest\/#breadcrumb"},"inLanguage":"en-US","potentialAction":[{"@type":"ReadAction","target":["https:\/\/www.draamateater.ee\/en\/meedia\/kunst-ei-kaitse-kurjuse-eest\/"]}]},{"@type":"BreadcrumbList","@id":"https:\/\/www.draamateater.ee\/en\/meedia\/kunst-ei-kaitse-kurjuse-eest\/#breadcrumb","itemListElement":[{"@type":"ListItem","position":1,"name":"Home","item":"https:\/\/www.draamateater.ee\/en\/avaleht\/?lang=en"},{"@type":"ListItem","position":2,"name":"Kunst ei kaitse kurjuse eest"}]},{"@type":"WebSite","@id":"https:\/\/www.draamateater.ee\/en\/#website","url":"https:\/\/www.draamateater.ee\/en\/","name":"Draamateater","description":"","potentialAction":[{"@type":"SearchAction","target":{"@type":"EntryPoint","urlTemplate":"https:\/\/www.draamateater.ee\/en\/?s={search_term_string}"},"query-input":{"@type":"PropertyValueSpecification","valueRequired":true,"valueName":"search_term_string"}}],"inLanguage":"en-US"},{"@type":"Person","@id":"https:\/\/www.draamateater.ee\/en\/#\/schema\/person\/c2f0b83b03132b10c11d41ba665c61a8","name":"Kairi Kruus","image":{"@type":"ImageObject","inLanguage":"en-US","@id":"https:\/\/secure.gravatar.com\/avatar\/a292351db92bfce07690cffcb31bec880cce00b5b581031bcc44f3464aced5ad?s=96&d=mm&r=g","url":"https:\/\/secure.gravatar.com\/avatar\/a292351db92bfce07690cffcb31bec880cce00b5b581031bcc44f3464aced5ad?s=96&d=mm&r=g","contentUrl":"https:\/\/secure.gravatar.com\/avatar\/a292351db92bfce07690cffcb31bec880cce00b5b581031bcc44f3464aced5ad?s=96&d=mm&r=g","caption":"Kairi Kruus"},"sameAs":["http:\/\/www.draamateater.ee"],"url":"https:\/\/www.draamateater.ee\/en\/author\/kairi\/"}]}},"_links":{"self":[{"href":"https:\/\/www.draamateater.ee\/en\/wp-json\/wp\/v2\/posts\/15875","targetHints":{"allow":["GET"]}}],"collection":[{"href":"https:\/\/www.draamateater.ee\/en\/wp-json\/wp\/v2\/posts"}],"about":[{"href":"https:\/\/www.draamateater.ee\/en\/wp-json\/wp\/v2\/types\/post"}],"author":[{"embeddable":true,"href":"https:\/\/www.draamateater.ee\/en\/wp-json\/wp\/v2\/users\/7"}],"replies":[{"embeddable":true,"href":"https:\/\/www.draamateater.ee\/en\/wp-json\/wp\/v2\/comments?post=15875"}],"version-history":[{"count":1,"href":"https:\/\/www.draamateater.ee\/en\/wp-json\/wp\/v2\/posts\/15875\/revisions"}],"predecessor-version":[{"id":15876,"href":"https:\/\/www.draamateater.ee\/en\/wp-json\/wp\/v2\/posts\/15875\/revisions\/15876"}],"wp:attachment":[{"href":"https:\/\/www.draamateater.ee\/en\/wp-json\/wp\/v2\/media?parent=15875"}],"wp:term":[{"taxonomy":"category","embeddable":true,"href":"https:\/\/www.draamateater.ee\/en\/wp-json\/wp\/v2\/categories?post=15875"},{"taxonomy":"post_tag","embeddable":true,"href":"https:\/\/www.draamateater.ee\/en\/wp-json\/wp\/v2\/tags?post=15875"}],"curies":[{"name":"wp","href":"https:\/\/api.w.org\/{rel}","templated":true}]}}