{"id":1820,"date":"2019-09-15T23:32:43","date_gmt":"2019-09-15T20:32:43","guid":{"rendered":"https:\/\/stage.www.draamateater.ee\/?p=1820"},"modified":"2019-09-15T23:32:44","modified_gmt":"2019-09-15T20:32:44","slug":"kannatused-ja-moos-kumme-aastat-eesti-draamateatri-laval","status":"publish","type":"post","link":"https:\/\/www.draamateater.ee\/en\/meedia\/kannatused-ja-moos-kumme-aastat-eesti-draamateatri-laval\/","title":{"rendered":"Kannatused ja moos k\u00fcmme aastat Eesti Draamateatri laval"},"content":{"rendered":"\n<p><strong>Margus Mikom\u00e4gi<\/strong><\/p>\n\n\n\n<p><em>10 aastat \u201eEesti matust\u201c. (Lugu ilmus esmalt ajalehes Postimees, 11.06.2012) 7. juunil 2002. aastal esietendus Eesti Draamateatris Andrus Kivir\u00e4hki n\u00e4idend \u201eEesti matus\u201c. Lavastus on m\u00e4ngukavas t\u00e4naseni<\/em>.<\/p>\n\n\n\n<p>Draamateatri dramaturg Ene Paaver \u00fctleb lavastusest \u201eEesti matus\u201c r\u00e4\u00e4kides: \u201eSee on Eesti teatriloos ikkagi t\u00e4iesti erakordne asi, et algup\u00e4rand suures saalis nii kaua vastu peab.\u201d Draamateatris sai aprillis 10 aastat m\u00e4ngukavas p\u00fcsimist t\u00e4is ka \u201eRahauputusel\u201c, mida dramaturg nimetab rahvusvaheliseks meisterlikuks naerumasinaks. \u201eT\u00f5esti ka suurep\u00e4rane lavastus, aga mulle tundub, et see on siiski natuke teine asi,\u201c \u00fctleb Ene Paaver. \u201e\u201eEesti matus\u201c, mis r\u00e4\u00e4gib meie enesepildist, on teistsuguse kaaluga. Ja et lavastuse eluea jooksul on peale kasvanud uus p\u00f5lvkond vaatajaid, kellele see samuti korda l\u00e4heb, on minu meelest t\u00e4helepanuv\u00e4\u00e4rne.\u201c<br> Miks nii on l\u00e4inud? Sellest r\u00e4\u00e4givad n\u00e4idendi autor Andrus Kivir\u00e4hk, n\u00e4itleja Aleksander Eelmaa ja lavastaja Priit Pedajas.<\/p>\n\n\n\n<p><strong>Matused ja pulmad<\/strong><br>Margus Mikom\u00e4gi(MM): Sina, Priit, olid siis see mees, idee autor, kes tegi Andrusele ettepaneku kirjutada mingi n\u00e4idend.<br>Priit Pedajas (PP): Mitte \u201emingi n\u00e4idend\u201c, vaid me r\u00e4\u00e4kisime kohe matusest.<br>MM: Kord Andrus \u00fctles, et ideena oli loos kohe sees ka pulm\u2026<br>Andrus Kivir\u00e4hk (AK): Ega ma v\u00e4ga h\u00e4sti enam ei m\u00e4leta.<br>PP: Mina m\u00e4letan h\u00e4sti. Tegelikult on mujal maailmas analoogid olemas. Ma olen kuulnud, et n\u00e4iteks itaallased New-Yorkis m\u00e4ngisid Itaalia pulma, juudid m\u00e4ngisid juudi matust \u2013 neid versioone on palju. Ma pole k\u00fcll \u00fchtegi lugenud, aga kui hakkasin m\u00f5tlema, siis, jah, nii pulm kui matus on huvitavad, aga mu jaoks on matused p\u00f5nevamad. Mul pulmadest ei ole nii h\u00e4id m\u00e4lestusi. (See t\u00f5demus ajab seltskonna naerma.) Matusel on suguv\u00f5sa koos ja sealt annab punuda. R\u00e4\u00e4kisin Andrusega ja ta kirjutas minu meelest kaks teksti lausa.<br>AK: Alguses oli ju, minu m\u00e4letamise j\u00e4rgi, plaan seda m\u00e4ngida kusagil \u00f5ues, kus oleks olnud reaalne haud ja reaalne leinarong. Oli ju nii?<br>PP: Jah, selline m\u00f5te k\u00e4is l\u00e4bi, sest olime siis v\u00e4rskelt teinud \u201eAristokraate\u201c Keila-Joal. \u00dcks v\u00f5imalik variant oli, et m\u00e4ngime matust sealsamas Keila-Joa m\u00f5isa \u00f5ues. Kui lugesin Andruse viimast versiooni, siis vaatasin\u2026 kuidas n\u00fc\u00fcd \u00f6elda\u2026, et selleks pole siiski erilist vajadust. Aga seda, et lavastus nii menukaks osutub, ma k\u00fcll ei osanud m\u00f5elda.<br>MM: K\u00fcmme aastat suures saalis on suisa fenomenaalne. On teater midagi teinud selleks, et nii on juhtunud?<br>AK: Pigem teater v\u00e4hemalt esimestel aastatel \u00fcritas lavastust nii-\u00f6elda t\u00fchjaks m\u00e4ngida. Plaan oli, et teeme selle \u00fcheks suvehooajaks. K\u00f5ik arutasid, et mis p\u00e4rast saab, kes saab endale lavakujunduseks olevad k\u00fcttepuud. Siis k\u00e4idi temaga lausa ringreisil Eesti lauluv\u00e4ljakutel. Selline kindel t\u00fchjaks m\u00e4ngimise m\u00e4rk, et k\u00f5ik on n\u00e4inud ja seda enam teatrisse vaatama ei tulda.<br>PP: Lauluv\u00e4ljakute ring oli meil h\u00e4da p\u00e4rast. Teater oli remondis, otsisime variante, mida ja kus m\u00e4ngida.<br>Aleksander Eelmaa (AE): Sellest ajast saadik, kui lauluv\u00e4ljakute ring oli \u00e4ra, on etendus t\u00e4naseni kindlalt v\u00e4lja m\u00fc\u00fcdud. Saalid on t\u00e4is. Ja lauluv\u00e4ljakutel oli ka palju rahvast. Kui n\u00e4iteks m\u00e4ngisime Keilas, \u00f6eldi, et vaatas 3000 inimest. See k\u00fcmme aastat on t\u00f5esti veidi uskumatu.<br>AK: Imelik fenomen.<\/p>\n\n\n\n<p><strong>Nagu meil kodus<\/strong><br><\/p>\n\n\n\n<p>MM: Prooviks seda seletada. Miks?<br>AK: Ma tean inimesi, kes on seda lavastust vaadanud 4\u20135 korda.<br>AE: Mu tuttavad on k\u00f5ige tihedamini nimetanud p\u00e4rast etendust t\u00f5ika, et k\u00f5ik on t\u00e4pselt nii nagu meil kodus.<br>AK: K\u00f5igil on olnud umbes selline olukord. J\u00e4relikult siis oleme k\u00f5ik sugulased.<br>AE: Kui mitte enne, siis matustel saab suguv\u00f5sa ikka kokku ja k\u00fcsib, kunas siis j\u00e4lle. Nagu see tekstiski on.<br>AK: Eks ma seal kasutasingi h\u00e4sti palju stereot\u00fc\u00fcpe. Tegelikult ei ole ma ise \u00fcldse mingi maainimene. Minu elu on linnas. Suviti olen k\u00e4inud maal p\u00e4evitamas ja sireli all raamatut lugemas. Rohinud ma pole elu sees, ma ei teagi, mida see t\u00e4hendab. N\u00f5nda, et ma ei tunne maaelu ja see aines on mulle v\u00e4ga v\u00f5\u00f5ras. Aga eks ma olen k\u00f5rvalt n\u00e4inud, kuulnud ja lugenud. Ega siis selleks, et kirjutada elust 19. sajandi Peterburis, ei pea seal elama. N\u00f5nda, et kuhjasin stereot\u00fc\u00fcpe kokku. Pole ime, et iga\u00fcks midagi sealt \u00e4ra tunneb.<br>MM: Stereot\u00fc\u00fcpi on, ma kujutan ette, raske m\u00e4ngida nii, et see oleks huvitav.<br>AK: Ega see ei ole s\u00fcgav, ps\u00fchholoogiline, peensusteni minev teater. N\u00e4idendi tegelased on natuke karikatuurid, konkreetsed t\u00fc\u00fcbid.<br>PP: Sellised v\u00e4ga tuttavad, \u00e4ratuntavad inimesed meie \u00fcmbert.<br>AE: Mina k\u00fcll ei oska \u00f6elda, et ma m\u00e4ngides midagi erilist oleks v\u00e4lja m\u00f5elnud.<br>MM: Sul on etenduses kunstk\u00f5huke.<br>AE: Vaat seda ma ei m\u00e4leta, kuidas see tuli, kas Priit k\u00e4skis selle panna v\u00f5i\u2026 Aga sellega oli p\u00e4ris hea nali. N\u00fc\u00fcd \u00fcsna hiljuti, s\u00fcgisel, p\u00e4rast etendust tuleb mu juurde pilet\u00f6\u00f6r ja \u00fctleb murelikult, et Sass, sa pead hakkama alla v\u00f5tma. Mul oli k\u00fcll k\u00f5ht juba garderoobi maha j\u00e4etud, aga ta ei pannud seda \u00fcldse t\u00e4hele. Oli selline h\u00e4sti hoolitsev.<br>AK: Nojah, ta sind n\u00fc\u00fcd harva n\u00e4eb ja tegi j\u00e4relduse, et oled Linnateatris paksuks l\u00e4inud.<br>PP: Ikka on nii teatris, et see, kui publik iseennast \u00e4ra tunneb laval, on t\u00e4htis. Aga ma ei nimetaks seda stereot\u00fc\u00fcpseks\u2026<br>AK: On ikka. Eestlase t\u00f6\u00f6armastus, kannatused Siberis\u2026 klassikalised teemad, mille kohta peaaegu iga\u00fchel on oma suguv\u00f5sa lugudest midagi v\u00f5tta ja r\u00e4\u00e4kida.<br>PP: Selles m\u00f5ttes muidugi.<br>AK: Minu jaoks on \u201eEesti matus\u201c oluline n\u00e4item\u00e4ng. Ma ei \u00fctle, et ta mul k\u00f5ige parem on, aga teen selget vahe \u2013 need n\u00e4idendid, mis on kirjutatud enne \u201eEesti matust\u201c, ja need, mis p\u00e4rast. \u201eEesti matusega\u201c sain mingil asjal sabast kinni. Neid, mis enne on kirjutatud, pean rohkem selli- v\u00f5i \u00f5pipoisit\u00f6\u00f6deks. Kui praegu keegi neid uuesti lavastada tahab, siis ma olen alati n\u00f5us, aga veidi h\u00e4belik.<\/p>\n\n\n\n<p>MM: Priit, kui palju te nende aastate jooksul olete pidanud lisaproove tegema?<br>PP: M\u00f5ned sisse\u00f5ppimised on olnud, aga n\u00fc\u00fcd me oleme seda nii palju m\u00e4nginud, et ei vaja isegi taastusproove. Tavaliselt teeme suvest tulles repertuaaris olevate asjadega meeldetuletamist. \u201eEesti matus\u201c seda enam ei vaja.<br>MM: Sass, kui palju need osad k\u00fcmne aasta jooksul muutunud on?<br>AE: Oleme m\u00e4nginud teda just sellise amplituudiga, et ta ei ole hetkekski m\u00e4nguliselt kinni jooksnud, on alati v\u00e4rske. Seda ma olen k\u00fcll t\u00e4hele pannud, et etendused vahel muutuvad, kui keegi tuttav on saalis. K\u00f5ik j\u00e4\u00e4b samaks aga\u2026<br>AK: \u2026keegi l\u00e4heb edevaks.<br>PP: Mulle on sattunud mitu sellist lavastust, mida on kaua m\u00e4ngitud ja ikka mingisugusel hetkel lavastus tahab mingit s\u00fcsti saada. Selline s\u00fcst on n\u00e4iteks mujal m\u00e4ngimine, m\u00f5ni festival. Siis j\u00e4lle tekib see erutus, mis peaks olema.<br>AK: \u201eMatus\u201c on k\u00e4inud reisidel Soomes, Riias ja Moskvas. Moskva reis oli v\u00e4ga lustlik, meil oli aega ja k\u00e4isime Lenini muuseumis.<br>PP: Olime Moskvas \u00fcle v\u00e4ga pika aja ja lisaks oli meil ju ka m\u00f5ni staar seltsis. Ma Lembit Ulfsakit m\u00f5tlen, kelle peale jooksid tormi telejaamad ja raadiod. Saalis oli v\u00e4ga palju eestlasi. Soomest ma \u00fcldse ei r\u00e4\u00e4gi, seal v\u00f5iksime regulaarselt m\u00e4ngida, sest seal on olemas Eesti kogukond. Ma ei r\u00e4\u00e4gi juhut\u00f6\u00f6listest. Soomes elab v\u00e4ga palju haritud eestlasi.<br>AE: Moskvas oli t\u00f5esti \u00fcllatav, et ka noored venelased t\u00e4naval Lembit Ulfsaki \u00e4ra tundsid ja \u201ezdravstvuite\u201c \u00fctlesid. Kinoklassik!<br><\/p>\n\n\n\n<p>MM: Andrus, kas sa oma n\u00e4idendit vaadates m\u00f5tled nii ka, et n\u00fc\u00fcd, kui aega on m\u00f6\u00f6da l\u00e4inud, peaks midagi juurde kirjutama v\u00f5i midagi v\u00e4lja j\u00e4tma?<br>AK: Ei, ei. Ega ma ei viitsi oma t\u00fckke vaadata saalist. Ma pigem lava taga ootan, millal bankett algab. Armastan rohkem proovides olla. Kui asi on juba valmis, siis muutmise ja \u00fcmbertegemise m\u00f5tteid ei tule. Vaatan etendust nagu tavaline publik.<br>AE: Ma ise ei saa sellest seespoolt aru, aga kas ikkagi tekst ei muutu \u2013 unustad midagi, asendad\u2026 Kas seda tunnet ka on sul, et n\u00fc\u00fcd pandi m\u00f6\u00f6da?<br>AK: See tunne on esikatel, kui uus t\u00fckk v\u00e4lja tuleb. Kuna olen proovides k\u00e4inud, tean k\u00f5ike ja iga eksimus on nagu noatorge, iga \u00fcleliigne sekund pausi tekitab tunde, et n\u00fc\u00fcd tal l\u00e4ks meelest \u00e4ra. Aga sellise vana t\u00fcki puhul ma ei m\u00e4letagi, mis seal alguses oli. Ma arvan, et tekstimuutusi on k\u00fcll. Kui v\u00f5taksime tekstiraamatu ette, siis avastaksime \u00fcllatusega, et r\u00e4\u00e4gid seda, mida tekstis ei olegi, aga sina oled juba harjunud r\u00e4\u00e4kima.<br>PP: Ma ei dramatiseeriks seda \u00fcle. Tekst on lavastades k\u00fcllalt t\u00e4pseks tehtud ja eks seda j\u00e4rgitakse.<br>AE: Ma p\u00fc\u00fcdsin m\u00f5elda, et kuidas see lavastamine k\u00fcmne aasta eest k\u00e4is. No ei tule midagi meelde.<br>PP: Mina ka ei m\u00e4leta. Vahel m\u00f5ni usin n\u00e4itleja, kes m\u00e4rkusi \u00fcles kirjutab, kannab mulle ette, mida olen \u00f6elnud. Ja mina vastan, et pole t\u00f5si, et see \u00fcldse ei k\u00f5la sedamoodi nagu mina \u00fctlen. \u201eMatuse\u201c proovides leiutasime mingeid m\u00e4nge ja tegime nalju t\u00e4psemaks.<br>AK: Pudeli peitmise lugu n\u00e4iteks tekstis ei ole. Seda ka ei ole tekstis, et T\u00f5nu Kark loeb kolm halgu korraga ja teenib sellega aplausi alati.<br>AE: Tihtipeale, jah, seda, kes mida pakkus ja kust m\u00f5te tuli, pole m\u00f5tetki enam eraldada. N\u00e4itleja, lavastaja, autor \u2013 see on \u00fcks tervik.<br><\/p>\n\n\n\n<p><strong>Rahvuslikus m\u00e4lus<\/strong><br><\/p>\n\n\n\n<p>MM: K\u00fcmne aastaga on Eesti muutunud ja teater muutunud, aga lavastus on samaks j\u00e4\u00e4nud ja siiani menukas \u2013 paradoks.<br>AK: Need teemad, mis selles n\u00e4idendis, ei ole kuhugi kadunud.<br>AE: Uus p\u00f5lvkond on peale tulnud. Suur moositegemine on j\u00e4\u00e4nud ikkagi nii\u2026 viieteistk\u00fcmne aasta taha. V\u00e4hemasti minu tuttavate seas. V\u00f5ib-olla see tuleb just-just tagasi.<br>AK: Mulle tundub ka, et naturaalmajapidamine on tagasi tulemas. Inimesed on selle enda jaoks taas avastanud. \u00d6ko ja v\u00e4etisevaba. Ma arvan, et rahvuslikust m\u00e4lust ei ole see k\u00f5ik kunagi kadunud olnud. Kusagil vanaema juures on ikka moosid olemas. Nii on tehtud ja see on eestlasele t\u00fc\u00fcpiline. Isegi siis, kui ise enam selliseid inimesi ei tunne ja endal sellist vanaema pole.<br>AE: Ma olen ka marjuline, aga juba aastaid ei ole enam moose teinud. Mul oli ikka maal v\u00e4ike kartul, n\u00fc\u00fcd ammu ei ole olnud. Sellel kevadel panin j\u00e4lle, augustis v\u00f5tan.<br>AK: Mul \u00e4i kasvatab kartulit, ma olen n\u00e4inud pealt neid asju.<br>MM: Ma ka pean ennast seeneliseks, aga seenele pole aastaid j\u00f5udnud. Samas seeni olen saanud laatadelt ja poest. Keegi seal ikka k\u00e4ib. Kas teil on olnud jutuks, et need noored, kes k\u00fcmme aastat tagasi alustasid, on n\u00fc\u00fcd k\u00fcmme aastat vanemad. Et kas ei peaks vahetama osat\u00e4itjaid?<br>AK: Kui Jan Uusp\u00f5ld alustas, oli ta k\u00fcllaltki noor mees, n\u00fc\u00fcd on varsti nelik\u00fcmmend. Mulle tundub, et see ei ole paha, sest temas n\u00fc\u00fcd k\u00f5neleb neljak\u00fcmneste keskeakriis. On keskealine kesklinna linnamees, kes just nii vanalt naise v\u00f5tab.<br>AE: Ega seegi aeg ole ju v\u00e4ga kaugel, kui Draamateater s\u00fcgiseti Kostiveres kolhoosil abiks k\u00e4is kartuleid v\u00f5tmas. Sealt sai ka koju toodud m\u00f5ni kotike.<br>AK: See on n\u00fc\u00fcd \u201eRehepapi\u201c teema, kuidas me riiki varastasime. Pole \u201eEesti matuse\u201c teema, kus on just eraomandi surve inimesele \u2013 ahmida endale v\u00f5imalikult palju krunte ja siis ennast tappa, sest igal pool pead niitmas k\u00e4ima.<br>MM: Nojah, ma kujutan ette k\u00fcll, kuidas Priit hetkel m\u00f5ttes muretseb, et T\u00f5stamaal rohi kasvab \u00fcle pea.<br>PP: Ei ole see mul mure.<br>AK: Teine suur teema \u201eMatustes\u201c on igavesed kannatused, millest lakkamatult r\u00e4\u00e4gitakse. Ka see on siiani v\u00e4ga teraapiline mu meelest. Kui lugeda ilma \u00fchegi huumorik\u00fcbemeta tekste nagu kas v\u00f5i Sofi Oksaneni \u201ePuhastus\u201c, siis on ju v\u00e4ga tore kuulata, kuidas Lembit Ulfsak \u201eMatustes\u201d r\u00e4\u00e4gib, kuidas tal esmasp\u00e4eval suri esimene vend ja teisip\u00e4eval teine ja kuidas Siberis kingast tehti oraval\u00f5ks ja p\u00fc\u00fcti oravaid s\u00f6\u00f6giks. See on tore t\u00f5sise maailma k\u00f5rval. K\u00f5ike ei pea ju nii s\u00fcnkt\u00f5siselt v\u00f5tma.<br>MM: Andrus, kas sa kirjutasid \u201eEesti matuse\u201c kom\u00f6\u00f6diaks?<br>AK: Ma ei kirjuta kunagi kom\u00f6\u00f6diat v\u00f5i trag\u00f6\u00f6diat, vaid n\u00e4idendit.<br>PP: Kom\u00f6\u00f6dia on sesse teemasse sisse kodeeritud.<br>AK: Iga n\u00e4idend peab kuskilt otsast l\u00f5bus olema. Muidu pole m\u00f5tet lavastama hakata.<br>MM: Eks see ikka ole ju traagiline ka, kui me, eestlased, sellised tobud oleme.<br>AK: On k\u00fcll.<br>PP: Selles pole mingit traagikat. (See ajab k\u00f5iki naerma)<br>AE: Mida k\u00f5rgemalt vaadatakse, seda naljakam k\u00f5ik on. Vaatamise k\u00f5rgus peab olema. Kui liiga alt vaatad, siis on valus. Kui jalaga tagumikku l\u00fc\u00fcakse, siis sellele, kes altpoolt selle matsu saab, on see l\u00f6\u00f6k ikka v\u00e4ga valus.<br>AK: Inimene, kes banaanikoorel libiseb ja kukub, saab haiget, k\u00f5rvaltvaataja naerab. See ongi elu.<br>AE: Ma kuulsin hiljuti, et banaanikoorel libisemist ja kukkumist peetakse maailma parimaks naljaks. Kui president paraadi vastu v\u00f5ttes libastub, siis naljakas on inimliku k\u00f5rguse langus. Muidu on banaalne nali.<br>AK: Jah, aga kui piinlik on presidendil endal. \u201eEesti matuse\u201c tegelased on k\u00f5ik ju v\u00e4ga t\u00f5sised inimesed, teevad t\u00f6\u00f6d ja muretsevad. Sellep\u00e4rast ongi teistel saalis naljakas.<br>AE: Meie tahtmised, toimetamised ja unistused on k\u00f5ik siirad, aga kui seda k\u00f5rvalt vaadata, siis ajab ennast ka naerma.<br>PP: Seda ma k\u00fcll ei kujuta ette, kuidas seda t\u00f5siselt m\u00e4ngida saaks.<br>AK: Ega saagi.<\/p>\n\n\n\n<hr class=\"wp-block-separator\"\/>\n\n\n\n<p><strong>\u201eEesti matus\u201c Draamateatris<\/strong><\/p>\n\n\n\n<p>\u2022 2012. aasta juuni alguse seisuga on m\u00e4ngitud kokku 192 etendust, lavastust on vaadanud 79 291 vaatajat.<br> \u2022 2002. aasta suvel m\u00e4ngiti teatri suures saalis suvelavastusena, kuid kuna publikut j\u00e4tkus, j\u00e4i m\u00e4ngukavva ka s\u00fcgishoojaks.<br> \u2022 2003. aasta suvel tehti tuur m\u00f6\u00f6da Eesti laululavasid. Etendusi anti 16 paigas.<br> \u2022 Enamik osat\u00e4itjatest on olnud k\u00fcmme aastat samad. Lee rollis oli k\u00f5igepealt K\u00fclli Teetamm. Kui tema lapsepuhkusele j\u00e4i, tuli K\u00fclli Reinum\u00e4gi, kes ka \u00fcsna kohe lapsepuhkusele j\u00e4i. Rolli v\u00f5ttis \u00fcle Kleer Maibaum-Vihmar. Kui Kleer lapsepuhkusele l\u00e4ks, tuli tagasi K\u00fclli Reinum\u00e4gi, kes on Lee t\u00e4naseni.<br> \u2022 \u00d5mblejate m\u00e4letamist m\u00f6\u00f6da pole uusi kost\u00fc\u00fcme vaja olnud \u00f5mmelda. Vaid k\u00f5ik Leed on omale uued kleidid saanud.<br> \u2022 2005. aastal k\u00e4idi lavastusega Riias Balti Teatris\u00fcgisel, 2006. aastal Moskvas Euroopa maade rahvusteatrite festivalil, 2007. aastal lavastuste vahetuse korras Helsingi Rahvusteatris, kus anti 2 etendust. (Soomlased m\u00e4ngisid samal ajal meil Sofi Oksaneni \u201ePuhastust\u201c).<br> \u2022 100. etendusele ilmusid autori ja lavastaja tahtel lavale t\u00e4iesti uued tegelased \u2013 vanaisa kooli\u00f5ed, kellest t\u00fckis palju juttu, kuid kes tegevusse ei sekku. Laval kehastasid neid \u00dclle Kaljuste, Ita Ever, Mari Lill.<br> \u2022 150. etendusel oli laval kohalik matuseorkester. Nagu k\u00fclakohas juhtub, oli neile t\u00f6\u00f6 eest tasutud viinaga. Pillimehed t\u00f5usid aeg-ajalt lauast ja k\u00e4isid pere k\u00e4est p\u00e4ris palka n\u00f5udmas. M\u00e4ngisid Margus Prangel, Tiit Sukk, Taavi Teplenkov.<br> \u2022 Balti n\u00fc\u00fcdisteatri festivalil \u201eView 2005\u201c p\u00e4lvis lavastus \u017e\u00fcrii preemia.<br> <em>Allikas: Eesti Draamateater<\/em><\/p>\n","protected":false},"excerpt":{"rendered":"<p>Margus Mikom\u00e4gi 10 aastat \u201eEesti matust\u201c. (Lugu ilmus esmalt ajalehes Postimees, 11.06.2012) 7. juunil 2002. aastal esietendus Eesti Draamateatris Andrus Kivir\u00e4hki n\u00e4idend \u201eEesti matus\u201c. Lavastus on m\u00e4ngukavas t\u00e4naseni. Draamateatri dramaturg Ene Paaver \u00fctleb lavastusest \u201eEesti matus\u201c r\u00e4\u00e4kides: \u201eSee on Eesti teatriloos ikkagi t\u00e4iesti erakordne asi, et algup\u00e4rand suures saalis nii kaua vastu peab.\u201d Draamateatris sai [&hellip;]<\/p>\n","protected":false},"author":7,"featured_media":0,"comment_status":"open","ping_status":"open","sticky":false,"template":"","format":"standard","meta":{"_acf_changed":false,"footnotes":""},"categories":[18],"tags":[],"class_list":["post-1820","post","type-post","status-publish","format-standard","hentry","category-meedia"],"acf":[],"yoast_head":"<!-- This site is optimized with the Yoast SEO plugin v27.5 - https:\/\/yoast.com\/product\/yoast-seo-wordpress\/ -->\n<title>Kannatused ja moos k\u00fcmme aastat Eesti Draamateatri laval - Draamateater<\/title>\n<meta name=\"robots\" content=\"index, follow, max-snippet:-1, max-image-preview:large, max-video-preview:-1\" \/>\n<link rel=\"canonical\" href=\"https:\/\/www.draamateater.ee\/en\/meedia\/kannatused-ja-moos-kumme-aastat-eesti-draamateatri-laval\/\" \/>\n<meta property=\"og:locale\" content=\"en_US\" \/>\n<meta property=\"og:type\" content=\"article\" \/>\n<meta property=\"og:title\" content=\"Kannatused ja moos k\u00fcmme aastat Eesti Draamateatri laval - Draamateater\" \/>\n<meta property=\"og:description\" content=\"Margus Mikom\u00e4gi 10 aastat \u201eEesti matust\u201c. (Lugu ilmus esmalt ajalehes Postimees, 11.06.2012) 7. juunil 2002. aastal esietendus Eesti Draamateatris Andrus Kivir\u00e4hki n\u00e4idend \u201eEesti matus\u201c. Lavastus on m\u00e4ngukavas t\u00e4naseni. Draamateatri dramaturg Ene Paaver \u00fctleb lavastusest \u201eEesti matus\u201c r\u00e4\u00e4kides: \u201eSee on Eesti teatriloos ikkagi t\u00e4iesti erakordne asi, et algup\u00e4rand suures saalis nii kaua vastu peab.\u201d Draamateatris sai [&hellip;]\" \/>\n<meta property=\"og:url\" content=\"https:\/\/www.draamateater.ee\/en\/meedia\/kannatused-ja-moos-kumme-aastat-eesti-draamateatri-laval\/\" \/>\n<meta property=\"og:site_name\" content=\"Draamateater\" \/>\n<meta property=\"article:publisher\" content=\"https:\/\/www.facebook.com\/draamateater\/\" \/>\n<meta property=\"article:published_time\" content=\"2019-09-15T20:32:43+00:00\" \/>\n<meta property=\"article:modified_time\" content=\"2019-09-15T20:32:44+00:00\" \/>\n<meta name=\"author\" content=\"Kairi Kruus\" \/>\n<meta name=\"twitter:card\" content=\"summary_large_image\" \/>\n<meta name=\"twitter:label1\" content=\"Written by\" \/>\n\t<meta name=\"twitter:data1\" content=\"Kairi Kruus\" \/>\n\t<meta name=\"twitter:label2\" content=\"Est. reading time\" \/>\n\t<meta name=\"twitter:data2\" content=\"13 minutes\" \/>\n<script type=\"application\/ld+json\" class=\"yoast-schema-graph\">{\"@context\":\"https:\\\/\\\/schema.org\",\"@graph\":[{\"@type\":\"Article\",\"@id\":\"https:\\\/\\\/www.draamateater.ee\\\/en\\\/meedia\\\/kannatused-ja-moos-kumme-aastat-eesti-draamateatri-laval\\\/#article\",\"isPartOf\":{\"@id\":\"https:\\\/\\\/www.draamateater.ee\\\/en\\\/meedia\\\/kannatused-ja-moos-kumme-aastat-eesti-draamateatri-laval\\\/\"},\"author\":{\"name\":\"Kairi Kruus\",\"@id\":\"https:\\\/\\\/www.draamateater.ee\\\/en\\\/#\\\/schema\\\/person\\\/c2f0b83b03132b10c11d41ba665c61a8\"},\"headline\":\"Kannatused ja moos k\u00fcmme aastat Eesti Draamateatri laval\",\"datePublished\":\"2019-09-15T20:32:43+00:00\",\"dateModified\":\"2019-09-15T20:32:44+00:00\",\"mainEntityOfPage\":{\"@id\":\"https:\\\/\\\/www.draamateater.ee\\\/en\\\/meedia\\\/kannatused-ja-moos-kumme-aastat-eesti-draamateatri-laval\\\/\"},\"wordCount\":2553,\"commentCount\":0,\"articleSection\":[\"Meedia\"],\"inLanguage\":\"en-US\"},{\"@type\":\"WebPage\",\"@id\":\"https:\\\/\\\/www.draamateater.ee\\\/en\\\/meedia\\\/kannatused-ja-moos-kumme-aastat-eesti-draamateatri-laval\\\/\",\"url\":\"https:\\\/\\\/www.draamateater.ee\\\/en\\\/meedia\\\/kannatused-ja-moos-kumme-aastat-eesti-draamateatri-laval\\\/\",\"name\":\"Kannatused ja moos k\u00fcmme aastat Eesti Draamateatri laval - Draamateater\",\"isPartOf\":{\"@id\":\"https:\\\/\\\/www.draamateater.ee\\\/en\\\/#website\"},\"datePublished\":\"2019-09-15T20:32:43+00:00\",\"dateModified\":\"2019-09-15T20:32:44+00:00\",\"author\":{\"@id\":\"https:\\\/\\\/www.draamateater.ee\\\/en\\\/#\\\/schema\\\/person\\\/c2f0b83b03132b10c11d41ba665c61a8\"},\"breadcrumb\":{\"@id\":\"https:\\\/\\\/www.draamateater.ee\\\/en\\\/meedia\\\/kannatused-ja-moos-kumme-aastat-eesti-draamateatri-laval\\\/#breadcrumb\"},\"inLanguage\":\"en-US\",\"potentialAction\":[{\"@type\":\"ReadAction\",\"target\":[\"https:\\\/\\\/www.draamateater.ee\\\/en\\\/meedia\\\/kannatused-ja-moos-kumme-aastat-eesti-draamateatri-laval\\\/\"]}]},{\"@type\":\"BreadcrumbList\",\"@id\":\"https:\\\/\\\/www.draamateater.ee\\\/en\\\/meedia\\\/kannatused-ja-moos-kumme-aastat-eesti-draamateatri-laval\\\/#breadcrumb\",\"itemListElement\":[{\"@type\":\"ListItem\",\"position\":1,\"name\":\"Home\",\"item\":\"https:\\\/\\\/www.draamateater.ee\\\/en\\\/avaleht\\\/?lang=en\"},{\"@type\":\"ListItem\",\"position\":2,\"name\":\"Kannatused ja moos k\u00fcmme aastat Eesti Draamateatri laval\"}]},{\"@type\":\"WebSite\",\"@id\":\"https:\\\/\\\/www.draamateater.ee\\\/en\\\/#website\",\"url\":\"https:\\\/\\\/www.draamateater.ee\\\/en\\\/\",\"name\":\"Draamateater\",\"description\":\"\",\"potentialAction\":[{\"@type\":\"SearchAction\",\"target\":{\"@type\":\"EntryPoint\",\"urlTemplate\":\"https:\\\/\\\/www.draamateater.ee\\\/en\\\/?s={search_term_string}\"},\"query-input\":{\"@type\":\"PropertyValueSpecification\",\"valueRequired\":true,\"valueName\":\"search_term_string\"}}],\"inLanguage\":\"en-US\"},{\"@type\":\"Person\",\"@id\":\"https:\\\/\\\/www.draamateater.ee\\\/en\\\/#\\\/schema\\\/person\\\/c2f0b83b03132b10c11d41ba665c61a8\",\"name\":\"Kairi Kruus\",\"image\":{\"@type\":\"ImageObject\",\"inLanguage\":\"en-US\",\"@id\":\"https:\\\/\\\/secure.gravatar.com\\\/avatar\\\/a292351db92bfce07690cffcb31bec880cce00b5b581031bcc44f3464aced5ad?s=96&d=mm&r=g\",\"url\":\"https:\\\/\\\/secure.gravatar.com\\\/avatar\\\/a292351db92bfce07690cffcb31bec880cce00b5b581031bcc44f3464aced5ad?s=96&d=mm&r=g\",\"contentUrl\":\"https:\\\/\\\/secure.gravatar.com\\\/avatar\\\/a292351db92bfce07690cffcb31bec880cce00b5b581031bcc44f3464aced5ad?s=96&d=mm&r=g\",\"caption\":\"Kairi Kruus\"},\"sameAs\":[\"http:\\\/\\\/www.draamateater.ee\"],\"url\":\"https:\\\/\\\/www.draamateater.ee\\\/en\\\/author\\\/kairi\\\/\"}]}<\/script>\n<!-- \/ Yoast SEO plugin. -->","yoast_head_json":{"title":"Kannatused ja moos k\u00fcmme aastat Eesti Draamateatri laval - Draamateater","robots":{"index":"index","follow":"follow","max-snippet":"max-snippet:-1","max-image-preview":"max-image-preview:large","max-video-preview":"max-video-preview:-1"},"canonical":"https:\/\/www.draamateater.ee\/en\/meedia\/kannatused-ja-moos-kumme-aastat-eesti-draamateatri-laval\/","og_locale":"en_US","og_type":"article","og_title":"Kannatused ja moos k\u00fcmme aastat Eesti Draamateatri laval - Draamateater","og_description":"Margus Mikom\u00e4gi 10 aastat \u201eEesti matust\u201c. (Lugu ilmus esmalt ajalehes Postimees, 11.06.2012) 7. juunil 2002. aastal esietendus Eesti Draamateatris Andrus Kivir\u00e4hki n\u00e4idend \u201eEesti matus\u201c. Lavastus on m\u00e4ngukavas t\u00e4naseni. Draamateatri dramaturg Ene Paaver \u00fctleb lavastusest \u201eEesti matus\u201c r\u00e4\u00e4kides: \u201eSee on Eesti teatriloos ikkagi t\u00e4iesti erakordne asi, et algup\u00e4rand suures saalis nii kaua vastu peab.\u201d Draamateatris sai [&hellip;]","og_url":"https:\/\/www.draamateater.ee\/en\/meedia\/kannatused-ja-moos-kumme-aastat-eesti-draamateatri-laval\/","og_site_name":"Draamateater","article_publisher":"https:\/\/www.facebook.com\/draamateater\/","article_published_time":"2019-09-15T20:32:43+00:00","article_modified_time":"2019-09-15T20:32:44+00:00","author":"Kairi Kruus","twitter_card":"summary_large_image","twitter_misc":{"Written by":"Kairi Kruus","Est. reading time":"13 minutes"},"schema":{"@context":"https:\/\/schema.org","@graph":[{"@type":"Article","@id":"https:\/\/www.draamateater.ee\/en\/meedia\/kannatused-ja-moos-kumme-aastat-eesti-draamateatri-laval\/#article","isPartOf":{"@id":"https:\/\/www.draamateater.ee\/en\/meedia\/kannatused-ja-moos-kumme-aastat-eesti-draamateatri-laval\/"},"author":{"name":"Kairi Kruus","@id":"https:\/\/www.draamateater.ee\/en\/#\/schema\/person\/c2f0b83b03132b10c11d41ba665c61a8"},"headline":"Kannatused ja moos k\u00fcmme aastat Eesti Draamateatri laval","datePublished":"2019-09-15T20:32:43+00:00","dateModified":"2019-09-15T20:32:44+00:00","mainEntityOfPage":{"@id":"https:\/\/www.draamateater.ee\/en\/meedia\/kannatused-ja-moos-kumme-aastat-eesti-draamateatri-laval\/"},"wordCount":2553,"commentCount":0,"articleSection":["Meedia"],"inLanguage":"en-US"},{"@type":"WebPage","@id":"https:\/\/www.draamateater.ee\/en\/meedia\/kannatused-ja-moos-kumme-aastat-eesti-draamateatri-laval\/","url":"https:\/\/www.draamateater.ee\/en\/meedia\/kannatused-ja-moos-kumme-aastat-eesti-draamateatri-laval\/","name":"Kannatused ja moos k\u00fcmme aastat Eesti Draamateatri laval - Draamateater","isPartOf":{"@id":"https:\/\/www.draamateater.ee\/en\/#website"},"datePublished":"2019-09-15T20:32:43+00:00","dateModified":"2019-09-15T20:32:44+00:00","author":{"@id":"https:\/\/www.draamateater.ee\/en\/#\/schema\/person\/c2f0b83b03132b10c11d41ba665c61a8"},"breadcrumb":{"@id":"https:\/\/www.draamateater.ee\/en\/meedia\/kannatused-ja-moos-kumme-aastat-eesti-draamateatri-laval\/#breadcrumb"},"inLanguage":"en-US","potentialAction":[{"@type":"ReadAction","target":["https:\/\/www.draamateater.ee\/en\/meedia\/kannatused-ja-moos-kumme-aastat-eesti-draamateatri-laval\/"]}]},{"@type":"BreadcrumbList","@id":"https:\/\/www.draamateater.ee\/en\/meedia\/kannatused-ja-moos-kumme-aastat-eesti-draamateatri-laval\/#breadcrumb","itemListElement":[{"@type":"ListItem","position":1,"name":"Home","item":"https:\/\/www.draamateater.ee\/en\/avaleht\/?lang=en"},{"@type":"ListItem","position":2,"name":"Kannatused ja moos k\u00fcmme aastat Eesti Draamateatri laval"}]},{"@type":"WebSite","@id":"https:\/\/www.draamateater.ee\/en\/#website","url":"https:\/\/www.draamateater.ee\/en\/","name":"Draamateater","description":"","potentialAction":[{"@type":"SearchAction","target":{"@type":"EntryPoint","urlTemplate":"https:\/\/www.draamateater.ee\/en\/?s={search_term_string}"},"query-input":{"@type":"PropertyValueSpecification","valueRequired":true,"valueName":"search_term_string"}}],"inLanguage":"en-US"},{"@type":"Person","@id":"https:\/\/www.draamateater.ee\/en\/#\/schema\/person\/c2f0b83b03132b10c11d41ba665c61a8","name":"Kairi Kruus","image":{"@type":"ImageObject","inLanguage":"en-US","@id":"https:\/\/secure.gravatar.com\/avatar\/a292351db92bfce07690cffcb31bec880cce00b5b581031bcc44f3464aced5ad?s=96&d=mm&r=g","url":"https:\/\/secure.gravatar.com\/avatar\/a292351db92bfce07690cffcb31bec880cce00b5b581031bcc44f3464aced5ad?s=96&d=mm&r=g","contentUrl":"https:\/\/secure.gravatar.com\/avatar\/a292351db92bfce07690cffcb31bec880cce00b5b581031bcc44f3464aced5ad?s=96&d=mm&r=g","caption":"Kairi Kruus"},"sameAs":["http:\/\/www.draamateater.ee"],"url":"https:\/\/www.draamateater.ee\/en\/author\/kairi\/"}]}},"_links":{"self":[{"href":"https:\/\/www.draamateater.ee\/en\/wp-json\/wp\/v2\/posts\/1820","targetHints":{"allow":["GET"]}}],"collection":[{"href":"https:\/\/www.draamateater.ee\/en\/wp-json\/wp\/v2\/posts"}],"about":[{"href":"https:\/\/www.draamateater.ee\/en\/wp-json\/wp\/v2\/types\/post"}],"author":[{"embeddable":true,"href":"https:\/\/www.draamateater.ee\/en\/wp-json\/wp\/v2\/users\/7"}],"replies":[{"embeddable":true,"href":"https:\/\/www.draamateater.ee\/en\/wp-json\/wp\/v2\/comments?post=1820"}],"version-history":[{"count":0,"href":"https:\/\/www.draamateater.ee\/en\/wp-json\/wp\/v2\/posts\/1820\/revisions"}],"wp:attachment":[{"href":"https:\/\/www.draamateater.ee\/en\/wp-json\/wp\/v2\/media?parent=1820"}],"wp:term":[{"taxonomy":"category","embeddable":true,"href":"https:\/\/www.draamateater.ee\/en\/wp-json\/wp\/v2\/categories?post=1820"},{"taxonomy":"post_tag","embeddable":true,"href":"https:\/\/www.draamateater.ee\/en\/wp-json\/wp\/v2\/tags?post=1820"}],"curies":[{"name":"wp","href":"https:\/\/api.w.org\/{rel}","templated":true}]}}