{"id":35879,"date":"2026-02-26T14:30:50","date_gmt":"2026-02-26T12:30:50","guid":{"rendered":"https:\/\/www.draamateater.ee\/?p=35879"},"modified":"2026-04-30T12:18:23","modified_gmt":"2026-04-30T09:18:23","slug":"olla-laetud","status":"publish","type":"post","link":"https:\/\/www.draamateater.ee\/en\/blogi\/olla-laetud\/","title":{"rendered":"Olla laetud"},"content":{"rendered":"\n<p>\u201eKuningas Ubu\u201c lavastajad ja n\u00e4itlejad vestlevad peale etendust lavastuse prooviprotsessist ja vastuv\u00f5tust.<\/p>\n\n\n\n<!--more-->\n\n\n\n<figure class=\"wp-block-image size-full\"><img loading=\"lazy\" decoding=\"async\" width=\"8192\" height=\"5464\" src=\"https:\/\/www.draamateater.ee\/wp-content\/uploads\/2025\/10\/foto-Tiit-Ojasoo-2119.jpg\" alt=\"\" class=\"wp-image-34342\" srcset=\"https:\/\/www.draamateater.ee\/wp-content\/uploads\/2025\/10\/foto-Tiit-Ojasoo-2119.jpg 8192w, https:\/\/www.draamateater.ee\/wp-content\/uploads\/2025\/10\/foto-Tiit-Ojasoo-2119-1256x838.jpg 1256w, https:\/\/www.draamateater.ee\/wp-content\/uploads\/2025\/10\/foto-Tiit-Ojasoo-2119-640x427.jpg 640w, https:\/\/www.draamateater.ee\/wp-content\/uploads\/2025\/10\/foto-Tiit-Ojasoo-2119-768x512.jpg 768w, https:\/\/www.draamateater.ee\/wp-content\/uploads\/2025\/10\/foto-Tiit-Ojasoo-2119-1536x1025.jpg 1536w\" sizes=\"auto, (max-width: 8192px) 100vw, 8192px\" \/><\/figure>\n\n\n\n<p>Tiit Ojasoo: Seekordne \u201eUbu\u201c lavastus on m\u00f5neti ooperlik. M\u00f5juva, kuid lihtsa kujundikeelega, v\u00e4rviline. Ja samas, lavastuse teema on ebamugav, seda ei ole lihtne vaadata. Laval on palju f\u00fc\u00fcsilisust, toorest noort energiat.<br><br>Ene-Liis Semper: Kuna lugu lollist isand Ubust, kes v\u00e4givallaga troonile t\u00f5useb ja k\u00f5ik enda \u00fcmber \u00e4ra h\u00e4vitab, on \u00e4\u00e4rmiselt lihtne, isegi banaalne, siis on sellise dramaturgilise materjali puhul oluline mitte see, mida r\u00e4\u00e4gitakse, vaid miks ja kuidas seda tehakse. R\u00e4\u00e4kige natuke sellest, mida seekordsed ps\u00fchhof\u00fc\u00fcsilise kehat\u00f6\u00f6 treeningud teile andsid? Ja mida te arvate laval olemisest, kus senise retseptsiooni kohaselt \u00fcletatakse mingeid piire?<br><br>Tiit: V\u00f5i kas \u00fcldse \u00fcletatakse?<br><br>Alex Paul Pukk: Ma ei tea, minul on k\u00fcll segadus selle piiri\u00fcletamisega. See on ju kontekstip\u00f5hine. V\u00f5i ei? T\u00e4naval ma p\u00fcksata ei k\u00e4iks\u2026 aga laval\u2026<br><br>Tiit: Laval k\u00fcll?<br><br>Alex: Jah, et mingit point\u2019i kohale viia. Sest ma kogu aeg m\u00f5tlen, mis imelik monstrum on inimene. Meil oli t\u00e4na koolis enne etendust just Hasso Krulli loeng transhumanismist ja see t\u00f5mbas taas kord p\u00e4ris hirmsaks kogu selle pildi. Sa v\u00f5tad inimese halvimad omadused ja siis nende baasil teed veel \u00f5udsema inimese. V\u00f5i noh, mis inimene see enam on, see on mingi kuradi pool-masin.<br><br>Eliis-Maria Koit: K\u00fcberinimene.<br><br>Alex: K\u00fcberinimene, kes on veel tugevamalt progressile ja h\u00e4vitamisele ja v\u00f5idule suunatud, et\u2026<br><br>Ene-Liis: Edule.<br><br>Alex: Edule suunatud. Nagu meil see l\u00f5putekst on: \u201eViige mind \u00fcles!\u201c Selliste lolluste vastu ma oleksin n\u00f5us veel palju rohkem tegema. Kui transhumanismil oleks kirik, siis ma paneks k\u00fcll hea meelega selle p\u00f5lema.<br><br>Eliis-Maria: Kust see piiride \u00fcletamise jutt tuli? Sest elus me n\u00e4eme seda k\u00f5ike ju kogu aeg.<br><br>Alex: Laval on harjutud, et mitte midagi ei ole p\u00e4ris.<br><br>Tiit: Aga mida te teete laval, kui l\u00e4hete m\u00e4ngima? Misasja te l\u00e4hete tegema sinna?<br><br>Alex: Ma tahaks, et vaatajale j\u00f5uaks see praegune asjade seis nii-\u00f6elda naha vahele. Et me saaksime oma l\u00f5putust n\u00e4ljast natuke rohkem aru.<br><br>Triin Brigitta Heidov: Kui sa k\u00fcsid f\u00fc\u00fcsilisuse kohta, siis mul endal vaatajana on teatrist v\u00e4ga \u00e4gedaid kogemusi, kus keegi on laval f\u00fc\u00fcsiliselt olnud mingis seisundis ja see on tugevalt m\u00f5jutanud mind saalis. Kui me loome praegu ise laval f\u00fc\u00fcsilisi olukordi, siis see v\u00f5iks samuti tuua vaatajas esile mingi kehalise tunde v\u00f5i m\u00e4lestuse. Neis tegevustes ei ole ju midagi, mida ma ise ei oleks inimesena varem igap\u00e4evaselt teinud.<\/p>\n\n\n\n<figure class=\"wp-block-image size-large\"><img loading=\"lazy\" decoding=\"async\" width=\"2512\" height=\"1316\" src=\"https:\/\/www.draamateater.ee\/wp-content\/uploads\/2026\/04\/BG1B9902-2512x1316.jpg\" alt=\"\" class=\"wp-image-35880\" srcset=\"https:\/\/www.draamateater.ee\/wp-content\/uploads\/2026\/04\/BG1B9902-2512x1316.jpg 2512w, https:\/\/www.draamateater.ee\/wp-content\/uploads\/2026\/04\/BG1B9902-1256x658.jpg 1256w, https:\/\/www.draamateater.ee\/wp-content\/uploads\/2026\/04\/BG1B9902-640x335.jpg 640w, https:\/\/www.draamateater.ee\/wp-content\/uploads\/2026\/04\/BG1B9902-768x402.jpg 768w, https:\/\/www.draamateater.ee\/wp-content\/uploads\/2026\/04\/BG1B9902-1536x805.jpg 1536w, https:\/\/www.draamateater.ee\/wp-content\/uploads\/2026\/04\/BG1B9902-2048x1073.jpg 2048w\" sizes=\"auto, (max-width: 2512px) 100vw, 2512px\" \/><figcaption class=\"wp-element-caption\"><em>Foto: Tiit Ojasoo<\/em><\/figcaption><\/figure>\n\n\n\n<p>Erling Eding: Proovides tegelesime palju rahutusega, ihaga. Et see rahutus, rahuldamatus, mis k\u00f5iki valdab, ei ole mitte ainult seksuaalne, vaid on mingid muud, v\u00e4ga \u00fcrgsed tungid, mis esile kerkivad. See, et sa s\u00f6\u00f6d-s\u00f6\u00f6d-s\u00f6\u00f6d, ja \u00fchel hetkel paratamatult selle k\u00f5ik v\u00e4lja situd &#8211; see on ju ka millegi suurema projektsioon\u2026<br><br>Triin: No sa ei situ ja ei oksenda ju tegelikult laval, p\u00e4riselt.<br><br>Erling: Jaa, aga me ju n\u00e4itamegi seda, mis\u2026<\/p>\n\n\n\n<p>Mattias Nurga: Kui mul oleks rohkem aega, siis v\u00f5ib-olla situks. (Naer.) Me ju tegelesime ettevalmistavas treeningus sellega, et mitte langeda representeerimise l\u00f5ksu. Olles uurinud konkreetseid protsesse, mis inimkehas toimuvad, me t\u00f6\u00f6tamegi nendega, nagu seedeelundkonna ja erinevate lihasgruppide liigutamine ja sellega kaasnevad aistingud. Kui me teeme oma t\u00f6\u00f6d h\u00e4sti, siis see kehalisus kandub vaatajale \u00fcle.<br><br>Alex: Kui etendus oleks 24 tundi, siis ma viiks oma keha sellisesse kohta, kus see n\u00e4lg lihtsalt neelabki mind. Mul on tunne, et see ju toimubki inimkonnaga aina rohkem ja rohkem. Iga aastaga meie n\u00e4lg suureneb. Sa oledki liigina lihtsalt tarbimise\u2026<br><br>Erling: Sitamasin.<br><br>Alex: Sitamasin! Minu n\u00e4lg ei l\u00f5pe. See\u2026 Minu arust see, et inimene sellest aru saaks, v\u00e4\u00e4rib k\u00fcll v\u00f5itlemist. Ja k\u00f5igega on nii. Kurat, v\u00f5tame v\u00f5i plastikkotid, nahhui mul seda plastikkotti vaja on!? T\u00e4na just sellessamas loengus Hasso Krull r\u00e4\u00e4kis: h\u00fcperobjekt \u2013 terve suur, hoomamatult suur ala, Prantsusmaast suurem Vaikses ookeanis asuv ala, on lihtsalt\u2026<br><br>Tiit: Plastik.<br><br>Alex: Uus manner. Plastik, just. Sest inimesed on neis kilekottides pidanud tassima nii palju oma kuradi tavaari. Sul on pidanud olema nii palju seda mingisugust jama seal kilekottides, et see on \u00f5udne. Kohati mul on tunne, et ma teeks palju hullemaid asju, kui ei oleks seda lavastust.<br><br>Tiit: Varasematel aastatel mul on m\u00f5nikord diplomilavastusi vaadates olnud tunne, et mis see noorte asi on, millest lavastus r\u00e4\u00e4gib. Kuidas see neid puudutab? Kuidas teie seda meiepoolsete ideedega liitumise protsessi tajusite? Kas te m\u00f5tlesite \u00fcldse sellist m\u00f5tet v\u00f5i see oli palju f\u00fc\u00fcsilisem, otsesem?<br><br>Eliis-Maria: Kui s\u00f5da algas, oli hirmus k\u00fcll, aga ma vist kordagi ei tundnud, et mul on p\u00e4riselt hirm v\u00f5i mure. Aga n\u00fc\u00fcd selle lavastuse teemaga, see on\u2026 Kuhu me j\u00f5uame? Mida me teeme? Siin. K\u00f5ik. Lootusetus on kogu maailma suhtes. Ja kurbus.<br><br>Erling: Aga lavale minnes on ikka lootus, et ma saan natukenegi seda n\u00e4idata ja publikuga r\u00e4\u00e4kida. Saan tekitada fookuse. Ja minu meelest see, et noored on laval, on ainu\u00f5ige, sest see on ju meie tulevik, millest me r\u00e4\u00e4gime. Kui seda teeksid vanemad n\u00e4itlejad, siis see k\u00fcsimus ei oleks nii valus. Kui aga noored sellest r\u00e4\u00e4givad, siis t\u00f5ele n\u00e4kku vaadates \u2013 nemad peavadki ju tulevikus kogu selle sitaga tegelema.<br><br>Eliis-Maria: Ja et see ei ole mingi suurte meeste m\u00e4ng kuskil kaugel, vaid et see m\u00e4ng toimub meie endiga.<br><br>Erling: F\u00fc\u00fcsiliselt see teema j\u00f5udiski rohkem kohale. Kui me k\u00f5rvutasime ennast loomadega, sisalikega v\u00f5i flamingodega, siis sain aru, et ma ei olegi v\u00e4ga erinev neist.<\/p>\n\n\n\n<figure class=\"wp-block-image size-large\"><img loading=\"lazy\" decoding=\"async\" width=\"2512\" height=\"1316\" src=\"https:\/\/www.draamateater.ee\/wp-content\/uploads\/2026\/04\/0Q9A7842-2512x1316.jpg\" alt=\"\" class=\"wp-image-35882\" srcset=\"https:\/\/www.draamateater.ee\/wp-content\/uploads\/2026\/04\/0Q9A7842-2512x1316.jpg 2512w, https:\/\/www.draamateater.ee\/wp-content\/uploads\/2026\/04\/0Q9A7842-1256x658.jpg 1256w, https:\/\/www.draamateater.ee\/wp-content\/uploads\/2026\/04\/0Q9A7842-640x335.jpg 640w, https:\/\/www.draamateater.ee\/wp-content\/uploads\/2026\/04\/0Q9A7842-768x402.jpg 768w, https:\/\/www.draamateater.ee\/wp-content\/uploads\/2026\/04\/0Q9A7842-1536x805.jpg 1536w, https:\/\/www.draamateater.ee\/wp-content\/uploads\/2026\/04\/0Q9A7842-2048x1073.jpg 2048w\" sizes=\"auto, (max-width: 2512px) 100vw, 2512px\" \/><figcaption class=\"wp-element-caption\"><em>Foto: Tiit Ojasoo<\/em><\/figcaption><\/figure>\n\n\n\n<p>Tiit: Vaatasin t\u00e4na teid ja m\u00f5tlesin selle peale, et see elus olemise temperatuur, mis laval on, ongi vastus. Selge, et n\u00e4idendi teema on ebameeldiv ja masendav ja meeleheitlik, aga lavalolijate energia ja j\u00f5ud ja p\u00fchendumus seisab v\u00e4ga selgelt vastu allaandmisele.<br><br>Erling: Kui sul on kamp nii noori inimesi laval, siis energia ongi minu meelest ainus, mille kaudu seda lugu v\u00f5i teemat puudutada. Ja see, kui need noored ja ilusad inimesed oma keha n\u00e4itavad, ei peaks olema kellelegi probleem. Vaata ja saa aru, et sa oled ise samasugune olnud kunagi.<br><br>Ene-Liis: Minu meelest on haavatavus laval alati ilus. Ja see, kui n\u00e4en, et inimesed on t\u00e4ie rauaga kohal. Meid \u00fcmbritsevad igal sammul kokkulepped, mis millimeeter haaval muudavad meie suhet reaalsusega formaalsemaks. Inimesed on juba nii \u00e4ra harjunud sellega, et ei suudagi enam vahet teha, mis on p\u00e4ris-p\u00e4ris ja mis on kokkuleppeline-p\u00e4ris. Ma ei r\u00e4\u00e4gi praegu kunstist, see probleem on palju laiem. Tegelikult on p\u00e4ris-p\u00e4ris veel olemas, aga see j\u00e4\u00e4b v\u00e4ljapoole meie mugavustsooni. Minu arust tuleks see p\u00e4ris-p\u00e4ris kanal uuesti lahti l\u00fc\u00fca. Vastasel juhul inimkond lihtsalt kaob.<br><br>Tiit: Teatrikunstis on see l\u00e4biv k\u00fcsimus, sellega on kogu aeg tegeletud. Mis on laval piisav ja mis on p\u00e4ris? Kuidas seda kokkulepet uuendada, kuidas teha niimoodi, et ma usuksin seda, mis lava peal toimub? Kui selleks on piltlikult \u00f6eldes vaja ka perse paljaks v\u00f5tta, ju siis on vaja praegu seda teha. Ja kui sa oled seda kuuek\u00fcmne kolmandal aastal kusagil T\u0161ehhoslovakkias n\u00e4inud, siis tore, n\u00e4gid teist korda veel.<br><br>Eliis-Maria: Kui prooviprotsessile tagasi m\u00f5elda, siis lavale j\u00f5udis ju \u00fcpriski <em>soft <\/em>versioon.<br><br>Erling: Robi \u00fctles ka h\u00e4sti, kui luges \u00fchte arvustust. Luges, et \u201eissand, k\u00f5ike ei pea laval ju ikkagi n\u00e4itama\u201c ja vastas ise: \u201eOioioi, sa vaeseke ei teagi, et sahtlisse j\u00e4i nii palju veel\u2026\u201c<br><br>Triin: See on ka huvitav, kui keegi arvab, et noori \u201esunnitakse\u201d tegema asju, mida me ei taha teha. K\u00f5ik on olnud meie enda pakkumised.<br><br>Ene-Liis: Selline arvaja m\u00f5tleb iseendast l\u00e4htuvalt: \u201eMina k\u00fcll miski hinna eest nii ei teeks\u201c. Kitsalt isiklikust vaatepunktist p\u00fcstitatud v\u00e4ide. Ja suutmatus n\u00e4ha, millele n\u00e4itleja l\u00e4bi oma tegevuse tegelikult osutab.<br><br>Triin: Seal lavastuses tegelikult pole ju midagi eriti karmi. Veebis levib igasuguseid videoid, mida k\u00f5ik skrollivad ja n\u00e4evad, kuidas n\u00e4iteks kellelegi bussis noaga k\u00f5rri l\u00fc\u00fcakse. See lihtsalt tuleb sulle ette. K\u00f5ik need videod on nii saadaval. Kuidas keegi kuuli p\u00e4he saab. Sa n\u00e4ed k\u00f5ike.<br><br>Eliis-Maria: Ongi kahte sorti inimesi: need, kes saavad aru, miks see, mis laval toimub, on vajalik, ja need, kellel on nii ropult ebamugav, et tahavad silmad kinni panna.<br><br>Triin: Nojah, aga kodus nad vaatavad ikka neid videoid, kuidas bussis kedagi k\u00f5rri pussitatakse.<br><br>Eliis-Maria: Aga see on privaatne.<br><br>Ene-Liis: Just, kodus vaatamine on eraasi. See on \u00fcks kokkulepetest, millest ma ennist r\u00e4\u00e4kisin. Reaalne avalik ruum, mis meid \u00fcmbritseb, on j\u00e4rjest ebamugavam. Aga teater avaliku ruumina peaks j\u00e4\u00e4ma mugavustsooni. Vahepeal oli lausa mingi trend, et \u201enii tore, k\u00e4isin teatris ja n\u00e4itleja kr\u00f5bistas tasakesi kuskil nurgas omaette, publikut ei seganud. Oli v\u00e4ga <em>chill <\/em>ja sain m\u00f5elda oma m\u00f5tteid, ait\u00e4h.\u201c Aga mulle tundub, et ei saa enam niimoodi. Ei ole m\u00f5tet, v\u00f5i mis veel olulisem, ei ole aega.<br><br>Tiit: Teraapiline munemine lava peal \u2013 seda ma ei kannata.<br><br>Alex: Minu meelest peab seda ka ikka olema. Aga ei tasu unustada, et isegi kirikus ju vahel noomitakse. On jutlusi, mis t\u00f5esti sind k\u00e4ivitavad. Panevad n\u00e4gema asju, mis maailmas on halvasti. Kui on selline jutlus, siis v\u00f5ta see jutlus vastu.<br><br>Eliis-Maria: Mu ema \u00fctles peale etendust monoloogi kohta, et alguses ta kuulas ja m\u00f5tles, et mina k\u00fcll neid asju ei tee. Aga siis hakkas saalis ringi vaatama ja sai aru, et <em>fuck<\/em>, me k\u00f5ik koos just toodamegi seda, millest monoloog r\u00e4\u00e4gib. Tal oli v\u00e4ga ebamugav, sest ta sai aru, et see t\u00f5esti ongi nii ja ta ise ka osaleb selles.<br><br>Mirjam Aavakivi: Minu emme \u00fctles \u00fcliarmsasti, et see lavastus ei olnud tema maitse. Ta oli p\u00e4rast etendust kurb \u2013 miks peab see olema nii kole, kas kuidagi teistmoodi ei saa. Tema on selline inimene, kes on aru saanud, et teda toidab ilu. Seega p\u00e4rast meie lavastust oli ta kurb. Ja siis \u00fcks hetk l\u00e4ks vaatama kohalike omavalitsuste lehte ja sai aru, et keda ma siis n\u00fc\u00fcd valima hakkan\u2026 Sa ei pruugi nautida seda lavastust, aga tegelikult see m\u00f5jutab sind.<br><br>Tiit: See ilu asi\u2026 Ma ei tea, mina \u00fctleks k\u00fcll, et see lavastus on v\u00e4ga ilus.<br><br>Alex: Me pole ise k\u00f5rvalt n\u00e4inud.<br><br>Tiit: Ilus on see elamise akt lava peal. See kontsentreeritud elu, kontsentreeritud j\u00f5ud ja noorus, see on ilus.<br><br>Eliis-Maria: Mu s\u00f5ber \u00fctles, et \u201eja kui vormis ja peenikesed te k\u00f5ik olete\u201c.<br><br>Tiit: K\u00f5ik P\u00f5hjamaade teatripedagoogid ja -kriitikud k\u00fcsivad, et kus on teie kehapositiivsus?! Miks lavakunstikoolis on k\u00f5ik heas vormis, see on nii igav ja nii vale!<br><br>Ene-Liis: J\u00e4lle formaalsed kokkulepped\u2026 ei tohi olla sixpack\u2019i, ei tohi olla tisse, ei tohi olla see ega too. Minu arust ei peaks \u00fcldse selle tasandiga tegelema. Oluline on see, et tahe ja j\u00f5ud on kohal. See on ainuke asi, mis loeb.<br><br>Tiit: Kehapositiivsusega on see lugu, et lavakunstikool ei vali oma \u00f5pilasi mitte kehakuju j\u00e4rgi, vaid selle j\u00e4rgi, kas on lootust, et nad sellele koolile ja ametile vastu peavad. Ja t\u00f5en\u00e4oliselt, kui nad on j\u00f5udnud neljandale kursusele ja sinnamaani vastu pidanud, siis arvestades koormust ja riiklikku \u00f5ppetoetuste s\u00fcsteemi \u2013 nad ongi k\u00f5hnad ja vormis, sest mingit muud varianti ei ole.<br><br>Alex: Shout out Rimi pelmeenid. 1.35 eurot kilohind.<br><br>Tiit: Kilo on 1.35? Ja sa s\u00f6\u00f6d seda!?<br><br>Alex: Rimi Smart.<br><br>Mirjam: Ta s\u00f5i seda pool aastat.<br><br>Erling: See on see, mis ostis Alice\u2019ile t\u00f5ukeratta.<br><br>Mirjam: See on k\u00f5ige romantilisem asi, mis ma \u00fcle t\u00fcki aja kuulnud olen.<br><br>Tiit: See rattalugu on v\u00e4ga romantiline jah. Aga 1.35 \u2013 vabandust, pakk v\u00f5id maksab kolm eurtsi.<br><br>Alex: Ma ei tea, mis seal sees on, mingid hambad v\u00f5ib-olla, aga ma s\u00f6\u00f6n neid.<br><br>Ene-Liis: \u00c4kki keegi v\u00f5iks midagi \u00f6elda ka selle kohta, mis teid vaatajana teatris k\u00f6idab? Mind k\u00f6idab, kui ma n\u00e4en laval inimest, kellel on tahe taga.<br><br>Alex: Mulle meeldib, kui inimene p\u00e4riselt m\u00e4ngib ja teda ei huvita see, mida publik temalt ootab v\u00f5i ei oota. K\u00f5ige hullem ongi, kui hakatakse m\u00f5tlema, et mida sa tahad n\u00e4ha.<\/p>\n\n\n\n<figure class=\"wp-block-image size-large\"><img loading=\"lazy\" decoding=\"async\" width=\"2512\" height=\"1675\" src=\"https:\/\/www.draamateater.ee\/wp-content\/uploads\/2026\/04\/foto-Tiit-Ojasoo-3853-2512x1675.jpg\" alt=\"\" class=\"wp-image-35884\" srcset=\"https:\/\/www.draamateater.ee\/wp-content\/uploads\/2026\/04\/foto-Tiit-Ojasoo-3853-2512x1675.jpg 2512w, https:\/\/www.draamateater.ee\/wp-content\/uploads\/2026\/04\/foto-Tiit-Ojasoo-3853-1256x838.jpg 1256w, https:\/\/www.draamateater.ee\/wp-content\/uploads\/2026\/04\/foto-Tiit-Ojasoo-3853-640x427.jpg 640w, https:\/\/www.draamateater.ee\/wp-content\/uploads\/2026\/04\/foto-Tiit-Ojasoo-3853-768x512.jpg 768w, https:\/\/www.draamateater.ee\/wp-content\/uploads\/2026\/04\/foto-Tiit-Ojasoo-3853-1536x1025.jpg 1536w, https:\/\/www.draamateater.ee\/wp-content\/uploads\/2026\/04\/foto-Tiit-Ojasoo-3853-2048x1366.jpg 2048w\" sizes=\"auto, (max-width: 2512px) 100vw, 2512px\" \/><figcaption class=\"wp-element-caption\"><em>Foto: Tiit Ojasoo<\/em><\/figcaption><\/figure>\n\n\n\n<p>Mirjam: See on vist sama asi, mida Ene-Liis \u00fctles, aga ma olen seda s\u00f5nastanud nii, et mulle meeldib, kui inimene laval on kirglik. Kui teda ennast puudutab. Et ta on seest laetud.<br><br>Erling: M\u00e4ng on\u2026 mina vaatan ka ikkagi m\u00e4ngu. Lapselikku m\u00e4ngul\u00f5bu. Ja tunnen, et ise oled vahel kuidagi arg ja ei julge\u2026 Kui ma vaatan oma \u00f5elapsi, siis neil on t\u00e4iesti kreisid k\u00e4iguvahetused.<br><br>Katarina Sits: Ma otsin vaatajana sedasama ilu, millest oli eelnevalt juttu \u201eUbu\u201c kontekstis. Kui n\u00e4itlejale l\u00e4heb n\u00e4htavalt korda k\u00f5ik, mis ta teeb v\u00f5i on mingi suurem m\u00f5te\u2026 \u00dches\u00f5naga, ilu kontseptsioon selle koleduse \u00fcmber.<br><br>Ene-Liis: Ilu on ka selles, kui keegi, kes v\u00e4ga t\u00e4pselt teab, mida ta teeb, on seda juba kaks tundi teinud ja j\u00f5uab oma r\u00e4nnaku l\u00f5pus mingi tuumani, mis avab palju suurema kaanoni, kui see, mida saaks tavaolukorras avada. See v\u00f5tab hingetuks. Ilu on selles, kui lavalise tegevuse kaudu puudutatakse midagi, mida ei saa s\u00f5nadega v\u00e4ljendada.<br><br>Tiit: Ilu on kontsentratsioon ja fookus. On uskumatult nauditav vaadata seda, et 13 t\u00fc\u00fcpi on laval ja nad on k\u00f5ik \u00fche asja eest v\u00e4ljas. Sealt tekib see fokuseeritud j\u00f5ud.<br><br>Ene-Liis: Sest me elame maailmas, kus on \u00fclimalt raske saavutada tegelikke kokkuleppeid. Individualism on nii kaugele arenenud, et ei suudeta peale iseenda enam kellelegi teisele keskenduda.<br><br>Tiit: Nagu meil on enne igat etendust soojenduse p\u00f5hiline fookus \u201ekuidas me n\u00fc\u00fcd uuesti kokku saame\u201c. See ei ole iseenesestm\u00f5istetav. Sellep\u00e4rast tegime ka nii pikalt proovi. Te olete teinud ropult t\u00f6\u00f6d selleks, et sel tasandil kokku saada. Ilma igasuguse halastuseta enda vastu, j\u00f5udu s\u00e4\u00e4stmata.<br><br>Ene-Liis: \u00dcks meie n\u00e4itlejast kolleeg \u00fctles, et lavale vaadates n\u00e4eb tema kui professionaal eesk\u00e4tt turvalist ruumi, kus k\u00f5ikide usaldus \u00fcksteise vastu on ebatavaliselt suur. Ma ise v\u00f5in liialdamata \u00f6elda, et pole proovisaalis ammu niimoodi naernud ja niimoodi pisaraid valanud. Energia tsirkulatsioon oli ikka totaalne.<br><br>Katarina: Minu meelest on v\u00e4ga huvitav ja uus kogemus see, et iga kord, kui me etenduse l\u00f5pus kummardame, on mul nutt kurgus. Isegi kui selle t\u00fcki l\u00f5pp on nii tehniline. Samamoodi on treeninguga. Need tunnid, mis me koos veetsime \u2013 k\u00f5ik, mis on l\u00e4bi elatud, see j\u00e4\u00e4b mulle sisse ja hinge.<br><br>Tiit: Ilusad l\u00f5pus\u00f5nad.<\/p>\n\n\n\n<p><a href=\"https:\/\/www.draamateater.ee\/lavastus\/kuningas-ubu\/\"><em>Lavastusest l\u00e4hemalt \u2192<\/em><\/a><\/p>\n","protected":false},"excerpt":{"rendered":"<p>\u201eKuningas Ubu\u201c lavastajad ja n\u00e4itlejad vestlevad peale etendust lavastuse prooviprotsessist ja vastuv\u00f5tust.<\/p>\n","protected":false},"author":7,"featured_media":0,"comment_status":"closed","ping_status":"closed","sticky":false,"template":"","format":"standard","meta":{"_acf_changed":false,"footnotes":""},"categories":[52],"tags":[83,315,1863,316],"class_list":["post-35879","post","type-post","status-publish","format-standard","hentry","category-blogi","tag-draamateater","tag-ene-liis-semper","tag-kuningas-ubu","tag-tiit-ojasoo"],"acf":[],"yoast_head":"<!-- This site is optimized with the Yoast SEO plugin v27.5 - https:\/\/yoast.com\/product\/yoast-seo-wordpress\/ -->\n<title>Olla laetud - Draamateater<\/title>\n<meta name=\"description\" content=\"Lavaka diplomilavastuse &quot;Kuningas Ubu&quot; lavastajate ja n\u00e4itlejate vestlus p\u00e4rast etendust.\" \/>\n<meta name=\"robots\" content=\"index, follow, max-snippet:-1, max-image-preview:large, max-video-preview:-1\" \/>\n<link rel=\"canonical\" href=\"https:\/\/www.draamateater.ee\/en\/blogi\/olla-laetud\/\" \/>\n<meta property=\"og:locale\" content=\"en_US\" \/>\n<meta property=\"og:type\" content=\"article\" \/>\n<meta property=\"og:title\" content=\"Olla laetud - Draamateatri ajaleht\" \/>\n<meta property=\"og:description\" content=\"&quot;Kuningas Ubu&quot; lavastajate ja n\u00e4itlejate vestlus\" \/>\n<meta property=\"og:url\" content=\"https:\/\/www.draamateater.ee\/en\/blogi\/olla-laetud\/\" \/>\n<meta property=\"og:site_name\" content=\"Draamateater\" \/>\n<meta property=\"article:publisher\" content=\"https:\/\/www.facebook.com\/draamateater\/\" \/>\n<meta property=\"article:published_time\" content=\"2026-02-26T12:30:50+00:00\" \/>\n<meta property=\"article:modified_time\" content=\"2026-04-30T09:18:23+00:00\" \/>\n<meta property=\"og:image\" content=\"https:\/\/www.draamateater.ee\/wp-content\/uploads\/2025\/10\/Kuningas_Ubu_Tiit_Ojasoo.jpg\" \/>\n\t<meta property=\"og:image:width\" content=\"2512\" \/>\n\t<meta property=\"og:image:height\" content=\"1675\" \/>\n\t<meta property=\"og:image:type\" content=\"image\/jpeg\" \/>\n<meta name=\"author\" content=\"Kairi Kruus\" \/>\n<meta name=\"twitter:card\" content=\"summary_large_image\" \/>\n<meta name=\"twitter:title\" content=\"Olla laetud - Draamateatri ajaleht\" \/>\n<meta name=\"twitter:description\" content=\"&quot;Kuningas Ubu&quot; lavastajate ja n\u00e4itlejate vestlus\" \/>\n<meta name=\"twitter:image\" content=\"https:\/\/www.draamateater.ee\/wp-content\/uploads\/2026\/04\/0Q9A7842-scaled.jpg\" \/>\n<meta name=\"twitter:label1\" content=\"Written by\" \/>\n\t<meta name=\"twitter:data1\" content=\"Kairi Kruus\" \/>\n\t<meta name=\"twitter:label2\" content=\"Est. reading time\" \/>\n\t<meta name=\"twitter:data2\" content=\"13 minutes\" \/>\n<script type=\"application\/ld+json\" class=\"yoast-schema-graph\">{\"@context\":\"https:\\\/\\\/schema.org\",\"@graph\":[{\"@type\":\"Article\",\"@id\":\"https:\\\/\\\/www.draamateater.ee\\\/en\\\/blogi\\\/olla-laetud\\\/#article\",\"isPartOf\":{\"@id\":\"https:\\\/\\\/www.draamateater.ee\\\/en\\\/blogi\\\/olla-laetud\\\/\"},\"author\":{\"name\":\"Kairi Kruus\",\"@id\":\"https:\\\/\\\/www.draamateater.ee\\\/en\\\/#\\\/schema\\\/person\\\/c2f0b83b03132b10c11d41ba665c61a8\"},\"headline\":\"Olla laetud\",\"datePublished\":\"2026-02-26T12:30:50+00:00\",\"dateModified\":\"2026-04-30T09:18:23+00:00\",\"mainEntityOfPage\":{\"@id\":\"https:\\\/\\\/www.draamateater.ee\\\/en\\\/blogi\\\/olla-laetud\\\/\"},\"wordCount\":2489,\"image\":{\"@id\":\"https:\\\/\\\/www.draamateater.ee\\\/en\\\/blogi\\\/olla-laetud\\\/#primaryimage\"},\"thumbnailUrl\":\"https:\\\/\\\/www.draamateater.ee\\\/wp-content\\\/uploads\\\/2025\\\/10\\\/foto-Tiit-Ojasoo-2119.jpg\",\"keywords\":[\"Draamateater\",\"Ene-Liis Semper\",\"Kuningas Ubu\",\"Tiit Ojasoo\"],\"articleSection\":[\"Blogi\"],\"inLanguage\":\"en-US\"},{\"@type\":\"WebPage\",\"@id\":\"https:\\\/\\\/www.draamateater.ee\\\/en\\\/blogi\\\/olla-laetud\\\/\",\"url\":\"https:\\\/\\\/www.draamateater.ee\\\/en\\\/blogi\\\/olla-laetud\\\/\",\"name\":\"Olla laetud - Draamateater\",\"isPartOf\":{\"@id\":\"https:\\\/\\\/www.draamateater.ee\\\/en\\\/#website\"},\"primaryImageOfPage\":{\"@id\":\"https:\\\/\\\/www.draamateater.ee\\\/en\\\/blogi\\\/olla-laetud\\\/#primaryimage\"},\"image\":{\"@id\":\"https:\\\/\\\/www.draamateater.ee\\\/en\\\/blogi\\\/olla-laetud\\\/#primaryimage\"},\"thumbnailUrl\":\"https:\\\/\\\/www.draamateater.ee\\\/wp-content\\\/uploads\\\/2025\\\/10\\\/foto-Tiit-Ojasoo-2119.jpg\",\"datePublished\":\"2026-02-26T12:30:50+00:00\",\"dateModified\":\"2026-04-30T09:18:23+00:00\",\"author\":{\"@id\":\"https:\\\/\\\/www.draamateater.ee\\\/en\\\/#\\\/schema\\\/person\\\/c2f0b83b03132b10c11d41ba665c61a8\"},\"description\":\"Lavaka diplomilavastuse \\\"Kuningas Ubu\\\" lavastajate ja n\u00e4itlejate vestlus p\u00e4rast etendust.\",\"breadcrumb\":{\"@id\":\"https:\\\/\\\/www.draamateater.ee\\\/en\\\/blogi\\\/olla-laetud\\\/#breadcrumb\"},\"inLanguage\":\"en-US\",\"potentialAction\":[{\"@type\":\"ReadAction\",\"target\":[\"https:\\\/\\\/www.draamateater.ee\\\/en\\\/blogi\\\/olla-laetud\\\/\"]}]},{\"@type\":\"ImageObject\",\"inLanguage\":\"en-US\",\"@id\":\"https:\\\/\\\/www.draamateater.ee\\\/en\\\/blogi\\\/olla-laetud\\\/#primaryimage\",\"url\":\"https:\\\/\\\/www.draamateater.ee\\\/wp-content\\\/uploads\\\/2025\\\/10\\\/foto-Tiit-Ojasoo-2119.jpg\",\"contentUrl\":\"https:\\\/\\\/www.draamateater.ee\\\/wp-content\\\/uploads\\\/2025\\\/10\\\/foto-Tiit-Ojasoo-2119.jpg\"},{\"@type\":\"BreadcrumbList\",\"@id\":\"https:\\\/\\\/www.draamateater.ee\\\/en\\\/blogi\\\/olla-laetud\\\/#breadcrumb\",\"itemListElement\":[{\"@type\":\"ListItem\",\"position\":1,\"name\":\"Home\",\"item\":\"https:\\\/\\\/www.draamateater.ee\\\/en\\\/avaleht\\\/?lang=en\"},{\"@type\":\"ListItem\",\"position\":2,\"name\":\"Olla laetud\"}]},{\"@type\":\"WebSite\",\"@id\":\"https:\\\/\\\/www.draamateater.ee\\\/en\\\/#website\",\"url\":\"https:\\\/\\\/www.draamateater.ee\\\/en\\\/\",\"name\":\"Draamateater\",\"description\":\"\",\"potentialAction\":[{\"@type\":\"SearchAction\",\"target\":{\"@type\":\"EntryPoint\",\"urlTemplate\":\"https:\\\/\\\/www.draamateater.ee\\\/en\\\/?s={search_term_string}\"},\"query-input\":{\"@type\":\"PropertyValueSpecification\",\"valueRequired\":true,\"valueName\":\"search_term_string\"}}],\"inLanguage\":\"en-US\"},{\"@type\":\"Person\",\"@id\":\"https:\\\/\\\/www.draamateater.ee\\\/en\\\/#\\\/schema\\\/person\\\/c2f0b83b03132b10c11d41ba665c61a8\",\"name\":\"Kairi Kruus\",\"image\":{\"@type\":\"ImageObject\",\"inLanguage\":\"en-US\",\"@id\":\"https:\\\/\\\/secure.gravatar.com\\\/avatar\\\/a292351db92bfce07690cffcb31bec880cce00b5b581031bcc44f3464aced5ad?s=96&d=mm&r=g\",\"url\":\"https:\\\/\\\/secure.gravatar.com\\\/avatar\\\/a292351db92bfce07690cffcb31bec880cce00b5b581031bcc44f3464aced5ad?s=96&d=mm&r=g\",\"contentUrl\":\"https:\\\/\\\/secure.gravatar.com\\\/avatar\\\/a292351db92bfce07690cffcb31bec880cce00b5b581031bcc44f3464aced5ad?s=96&d=mm&r=g\",\"caption\":\"Kairi Kruus\"},\"sameAs\":[\"http:\\\/\\\/www.draamateater.ee\"],\"url\":\"https:\\\/\\\/www.draamateater.ee\\\/en\\\/author\\\/kairi\\\/\"}]}<\/script>\n<!-- \/ Yoast SEO plugin. -->","yoast_head_json":{"title":"Olla laetud - Draamateater","description":"Lavaka diplomilavastuse \"Kuningas Ubu\" lavastajate ja n\u00e4itlejate vestlus p\u00e4rast etendust.","robots":{"index":"index","follow":"follow","max-snippet":"max-snippet:-1","max-image-preview":"max-image-preview:large","max-video-preview":"max-video-preview:-1"},"canonical":"https:\/\/www.draamateater.ee\/en\/blogi\/olla-laetud\/","og_locale":"en_US","og_type":"article","og_title":"Olla laetud - Draamateatri ajaleht","og_description":"\"Kuningas Ubu\" lavastajate ja n\u00e4itlejate vestlus","og_url":"https:\/\/www.draamateater.ee\/en\/blogi\/olla-laetud\/","og_site_name":"Draamateater","article_publisher":"https:\/\/www.facebook.com\/draamateater\/","article_published_time":"2026-02-26T12:30:50+00:00","article_modified_time":"2026-04-30T09:18:23+00:00","og_image":[{"url":"https:\/\/www.draamateater.ee\/wp-content\/uploads\/2025\/10\/Kuningas_Ubu_Tiit_Ojasoo.jpg","width":2512,"height":1675,"type":"image\/jpeg"}],"author":"Kairi Kruus","twitter_card":"summary_large_image","twitter_title":"Olla laetud - Draamateatri ajaleht","twitter_description":"\"Kuningas Ubu\" lavastajate ja n\u00e4itlejate vestlus","twitter_image":"https:\/\/www.draamateater.ee\/wp-content\/uploads\/2026\/04\/0Q9A7842-scaled.jpg","twitter_misc":{"Written by":"Kairi Kruus","Est. reading time":"13 minutes"},"schema":{"@context":"https:\/\/schema.org","@graph":[{"@type":"Article","@id":"https:\/\/www.draamateater.ee\/en\/blogi\/olla-laetud\/#article","isPartOf":{"@id":"https:\/\/www.draamateater.ee\/en\/blogi\/olla-laetud\/"},"author":{"name":"Kairi Kruus","@id":"https:\/\/www.draamateater.ee\/en\/#\/schema\/person\/c2f0b83b03132b10c11d41ba665c61a8"},"headline":"Olla laetud","datePublished":"2026-02-26T12:30:50+00:00","dateModified":"2026-04-30T09:18:23+00:00","mainEntityOfPage":{"@id":"https:\/\/www.draamateater.ee\/en\/blogi\/olla-laetud\/"},"wordCount":2489,"image":{"@id":"https:\/\/www.draamateater.ee\/en\/blogi\/olla-laetud\/#primaryimage"},"thumbnailUrl":"https:\/\/www.draamateater.ee\/wp-content\/uploads\/2025\/10\/foto-Tiit-Ojasoo-2119.jpg","keywords":["Draamateater","Ene-Liis Semper","Kuningas Ubu","Tiit Ojasoo"],"articleSection":["Blogi"],"inLanguage":"en-US"},{"@type":"WebPage","@id":"https:\/\/www.draamateater.ee\/en\/blogi\/olla-laetud\/","url":"https:\/\/www.draamateater.ee\/en\/blogi\/olla-laetud\/","name":"Olla laetud - Draamateater","isPartOf":{"@id":"https:\/\/www.draamateater.ee\/en\/#website"},"primaryImageOfPage":{"@id":"https:\/\/www.draamateater.ee\/en\/blogi\/olla-laetud\/#primaryimage"},"image":{"@id":"https:\/\/www.draamateater.ee\/en\/blogi\/olla-laetud\/#primaryimage"},"thumbnailUrl":"https:\/\/www.draamateater.ee\/wp-content\/uploads\/2025\/10\/foto-Tiit-Ojasoo-2119.jpg","datePublished":"2026-02-26T12:30:50+00:00","dateModified":"2026-04-30T09:18:23+00:00","author":{"@id":"https:\/\/www.draamateater.ee\/en\/#\/schema\/person\/c2f0b83b03132b10c11d41ba665c61a8"},"description":"Lavaka diplomilavastuse \"Kuningas Ubu\" lavastajate ja n\u00e4itlejate vestlus p\u00e4rast etendust.","breadcrumb":{"@id":"https:\/\/www.draamateater.ee\/en\/blogi\/olla-laetud\/#breadcrumb"},"inLanguage":"en-US","potentialAction":[{"@type":"ReadAction","target":["https:\/\/www.draamateater.ee\/en\/blogi\/olla-laetud\/"]}]},{"@type":"ImageObject","inLanguage":"en-US","@id":"https:\/\/www.draamateater.ee\/en\/blogi\/olla-laetud\/#primaryimage","url":"https:\/\/www.draamateater.ee\/wp-content\/uploads\/2025\/10\/foto-Tiit-Ojasoo-2119.jpg","contentUrl":"https:\/\/www.draamateater.ee\/wp-content\/uploads\/2025\/10\/foto-Tiit-Ojasoo-2119.jpg"},{"@type":"BreadcrumbList","@id":"https:\/\/www.draamateater.ee\/en\/blogi\/olla-laetud\/#breadcrumb","itemListElement":[{"@type":"ListItem","position":1,"name":"Home","item":"https:\/\/www.draamateater.ee\/en\/avaleht\/?lang=en"},{"@type":"ListItem","position":2,"name":"Olla laetud"}]},{"@type":"WebSite","@id":"https:\/\/www.draamateater.ee\/en\/#website","url":"https:\/\/www.draamateater.ee\/en\/","name":"Draamateater","description":"","potentialAction":[{"@type":"SearchAction","target":{"@type":"EntryPoint","urlTemplate":"https:\/\/www.draamateater.ee\/en\/?s={search_term_string}"},"query-input":{"@type":"PropertyValueSpecification","valueRequired":true,"valueName":"search_term_string"}}],"inLanguage":"en-US"},{"@type":"Person","@id":"https:\/\/www.draamateater.ee\/en\/#\/schema\/person\/c2f0b83b03132b10c11d41ba665c61a8","name":"Kairi Kruus","image":{"@type":"ImageObject","inLanguage":"en-US","@id":"https:\/\/secure.gravatar.com\/avatar\/a292351db92bfce07690cffcb31bec880cce00b5b581031bcc44f3464aced5ad?s=96&d=mm&r=g","url":"https:\/\/secure.gravatar.com\/avatar\/a292351db92bfce07690cffcb31bec880cce00b5b581031bcc44f3464aced5ad?s=96&d=mm&r=g","contentUrl":"https:\/\/secure.gravatar.com\/avatar\/a292351db92bfce07690cffcb31bec880cce00b5b581031bcc44f3464aced5ad?s=96&d=mm&r=g","caption":"Kairi Kruus"},"sameAs":["http:\/\/www.draamateater.ee"],"url":"https:\/\/www.draamateater.ee\/en\/author\/kairi\/"}]}},"_links":{"self":[{"href":"https:\/\/www.draamateater.ee\/en\/wp-json\/wp\/v2\/posts\/35879","targetHints":{"allow":["GET"]}}],"collection":[{"href":"https:\/\/www.draamateater.ee\/en\/wp-json\/wp\/v2\/posts"}],"about":[{"href":"https:\/\/www.draamateater.ee\/en\/wp-json\/wp\/v2\/types\/post"}],"author":[{"embeddable":true,"href":"https:\/\/www.draamateater.ee\/en\/wp-json\/wp\/v2\/users\/7"}],"replies":[{"embeddable":true,"href":"https:\/\/www.draamateater.ee\/en\/wp-json\/wp\/v2\/comments?post=35879"}],"version-history":[{"count":2,"href":"https:\/\/www.draamateater.ee\/en\/wp-json\/wp\/v2\/posts\/35879\/revisions"}],"predecessor-version":[{"id":36012,"href":"https:\/\/www.draamateater.ee\/en\/wp-json\/wp\/v2\/posts\/35879\/revisions\/36012"}],"wp:attachment":[{"href":"https:\/\/www.draamateater.ee\/en\/wp-json\/wp\/v2\/media?parent=35879"}],"wp:term":[{"taxonomy":"category","embeddable":true,"href":"https:\/\/www.draamateater.ee\/en\/wp-json\/wp\/v2\/categories?post=35879"},{"taxonomy":"post_tag","embeddable":true,"href":"https:\/\/www.draamateater.ee\/en\/wp-json\/wp\/v2\/tags?post=35879"}],"curies":[{"name":"wp","href":"https:\/\/api.w.org\/{rel}","templated":true}]}}