{"id":6517,"date":"2020-03-06T13:15:18","date_gmt":"2020-03-06T10:15:18","guid":{"rendered":"https:\/\/www.draamateater.ee\/?p=6517"},"modified":"2020-03-06T13:15:19","modified_gmt":"2020-03-06T10:15:19","slug":"valitud-kaebusi-piiratud-teovoimega-jumalale","status":"publish","type":"post","link":"https:\/\/www.draamateater.ee\/en\/meedia\/valitud-kaebusi-piiratud-teovoimega-jumalale\/","title":{"rendered":"Valitud kaebusi piiratud teov\u00f5imega jumalale"},"content":{"rendered":"\n<p>Tauno Vahter<br>Postimees, 6.03.2020<\/p>\n\n\n\n<p>Briti kirjanikult ja n\u00e4itlejalt Stephen Frylt p\u00e4riti intervjuus Iiri televisioonile, mida ta sooviks k\u00fcsida jumalalt taeva v\u00e4ravas. Fry vastas \u00fcsna vihaselt, et ta k\u00fcsiks, miks peaks kummardama mingit \u00f5elat ja rumalat sadisti, kes on v\u00e4lja m\u00f5elnud laste luu\u00fcdiv\u00e4hi ja haiguse, mille k\u00e4igus parasiidid tungivad laste silmadesse ja teevad nad pimedaks. Katoliiklasest saatejuht tegi hapu n\u00e4o; jumalateotus dekriminaliseeriti Iirimaal alles t\u00e4navu jaanuaris.<\/p>\n\n\n\n<p>Draamateatri uuslavastus \u00abOh jumal\u00bb on samasugusel teemal, aga m\u00e4rksa leebemas vormis lugu usust, lootusest ja pettumustest, valatud kergelt koomilisse vormi.<\/p>\n\n\n\n<p>Ps\u00fchholoogi (Harriet Toompere) vastuv\u00f5tule saabub salap\u00e4rane patsient (Ain Lutsepp), kes ei soovi oma isikut paljastada ning peidab end initsiaali J. taha. Peagi selgub, et J. on s\u00fcgavas depressioonis jumal, kes soovib oma ameti maha panna.<\/p>\n\n\n\n<p>P\u00e4rast ps\u00fchholoogi algset ootusp\u00e4rast umbusku j\u00e4rgneb teoloogilis-meelelahutuslik arutelu, kas rohkem peaks olema jumal pettunud inimkonnas v\u00f5i vastupidi ning mida sellises olukorras teha. \u00c4\u00e4rmiselt tekstikeskne lavastus p\u00fcsib peaaegu t\u00e4ielikult \u00fchel pikal dialoogil, mis on k\u00fcll usutav, aga paneb soovima veidi vinti juurde keerata.<\/p>\n\n\n\n<p>\u00abOh jumal\u00bb ei ole muidugi esimene lavateos v\u00f5i film, mis k\u00e4sitleb jumala v\u00f5i teiste taevaste olendite surelikke sekka laskumist, tegemist on m\u00e4rkimisv\u00e4\u00e4rselt suure diskursusega. Groucho Marxi jumal oli filmis \u00abSkidoo\u00bb kanepit suitsetav uimastikaupmees, Alanis Morrissette\u2019i oma \u00abDogmas\u00bb hipinaine, George Burns filmis \u00abOh jumal\u00bb supermarketi juhataja aset\u00e4itja, Morgan Freeman \u00abK\u00f5ikv\u00f5imsas Bruce\u2019is\u00bb mustanahaline papi ning \u00abSouth Parkis\u00bb oli jumal hoopis katkiste hammastega hiidrotti meenutav elukas.<\/p>\n\n\n\n<p>Sellises v\u00f5rdluses on Anat Govi n\u00e4idendis jumalat kehastav vanapapi haruldaselt traditsiooniline ja ehk isegi natuke igav valik. Korduvalt tuleb m\u00f5te, et n\u00e4iteks kreeka v\u00f5i india jumalaid v\u00f5i isegi Kalevipoega \u00fcle kuulates saaks lustakama tulemuse. Kuigi \u00abOh jumal\u00bb on m\u00e4\u00e4ratletud kom\u00f6\u00f6diana, on autori valikutest n\u00e4ha, et tal on siin kindlad eesm\u00e4rgid.<\/p>\n\n\n\n<p>Anat Gov (1953\u20132012) on viimastel aastak\u00fcmnetel olnud tuntud nimi Iisraeli teatris ja televisioonis. Ta oli mitme populaarse telesaate stsenarist ning hakkas sajandivahetusel kirjutama rohkem ka teatrile.<\/p>\n\n\n\n<p>Telesaadete taust aitab m\u00f5ista n\u00e4idendi \u00abOh jumal\u00bb \u00fclesehitust, mis algab pikale mineva sket\u0161ina, kahe tegelaskuju p\u00fcstijalakom\u00f6\u00f6diana, aga siis areneb rohkelt vana testamenti tsiteerivaks dialoogiks. \u00abOh jumal\u00bb on n\u00e4ide sellest, kuidas ajalugu on laenatud popkultuuri ja seda \u00fcritatakse uue ringiga uuesti s\u00fcgavam\u00f5ttelisemaks teha.<\/p>\n\n\n\n<p>Gov on v\u00f5tnud kaks t\u00fc\u00fcps\u00fc\u017eeed: surelike sekka ilmuva jumala ning ebat\u00f5en\u00e4olise ps\u00fchholoogi\/ps\u00fchhiaatri kliendi (meenutagem sarja \u00abSopranod\u00bb v\u00f5i m\u00f5nev\u00f5rra n\u00f5rgemat filmi \u00abKa gangster on inimene\u00bb, mis r\u00e4\u00e4kisid terapeudi juurde saabunud mafioosodest, jumal on ju omamoodi capo di tutti capi). Teatud stereot\u00fc\u00fcpide kasutamisest hoolimata on Govi tekst intelligentne, ironiseerib inimloomuse ja usu olemuse \u00fcle, kuid k\u00f5igest hoolimata teeb seda soojalt.<\/p>\n\n\n\n<p>Gov on intervjuudes selgitanud, et ei ole usklik ega ateist, aga pigem on religioon tema jaoks teatud p\u00f5him\u00f5tetest kinnipidamine, mida ei pea n\u00e4puga j\u00e4rge ajades piiblist otsima. Ta m\u00e4ngib konfliktis sellele, et enamiku inimeste kombel on n\u00e4idendi ps\u00fchholoog m\u00f5elnud ja \u00f6elnud, et k\u00f5ikv\u00f5imalikel suurtel h\u00e4dadel toimuda lubav jumal peaks olema sadist v\u00f5i poolemeelne.<\/p>\n\n\n\n<p>Ps\u00fchholoogi isiklik trag\u00f6\u00f6dia on tema autistlik poeg (Franz Malmsten), kes s\u00f5nagi ei r\u00e4\u00e4gi ja kellest saab laval rippuv p\u00fcss. Ka see v\u00f5ib olla natuke liiga ootusp\u00e4rane lahendus, kuid on ilmselt autori soov lasta inimestel etenduselt lahkuda lootusega.<\/p>\n\n\n\n<p>Gov laseb ps\u00fchholoogil kehastuda skeptiliseks prokur\u00f6riks, kes pillub jumalale s\u00fc\u00fcdistusi ja etteheiteid, miks on ta lasknud toimuda asjadel, mis on karjuvalt eba\u00f5iglased: jumal on massim\u00f5rvar, kes tapnud piiblis tegelasi ilma erilise p\u00f5hjuseta ja saatnud inimestele h\u00e4da kaela usu prooviks v\u00f5i nagu ta tunnistab \u2013 isegi nalja p\u00e4rast. Tahan, tapan egiptlaste esiklapsed, tahan, tapan Loti naise.<\/p>\n\n\n\n<p>Jumal tunnistab, et pole kuradit kunagi n\u00e4inud, see on lihtsalt h\u00e4\u00e4l tema sees. Ta on pimeduses s\u00fcndinud \u00fcksildane depressioonis vanainimene, kelle v\u00f5imed on kadunud ja kes k\u00f5ikv\u00f5imsuse asemel sobiks n\u00fc\u00fcd veel pigem j\u00f5udu proovima \u00abSelgeltn\u00e4gijate tuleproovis\u00bb.<\/p>\n\n\n\n<p>Sellise arutelu kaudu muutub sket\u0161ina alanud t\u00fckk pisut moraalitsevamaks (kahe vaatuse asemel oleks selle vabalt v\u00f5inud teha baaripausita ka \u00fches vaatuses) ning kindlasti pole siin tegu blasfeemia v\u00f5i n\u00e4iteks Richard Dawkinsi laadis s\u00fcsteemse usukriitikaga. \u00abOh jumal\u00bb on tegelikult v\u00e4gagi kristlik tekst m\u00f5nede juudilike naljadega, mis k\u00fcll toonitab jumalakuju j\u00e4rjepidevusetust, kuid r\u00f5hutab l\u00f5puks k\u00f5iki lihtsamaid hoolivusel p\u00f5hinevaid v\u00e4\u00e4rtusi.<\/p>\n\n\n\n<p>Kui surelike sekka saabub jumal ja n\u00e4itab oma haavatavust, siis ta ei purusta oma mainet, vaid hoopis tugevdab seda \u2013 noh, umbes nagu Ivo Linna \u00abEesti laulul\u00bb osaledes; trikk m\u00f5jub siis, kui seda mitte liiga sageli korrata.<\/p>\n\n\n\n<p>Muidugi v\u00f5iks Goviga vaidlema kukkuda, miks valida jumala suurimaks patuks just Hiiobi karistamine, et ka enne Kristust toimus \u00fcle maailma inimeste korda saadetud \u00f5udusi v\u00f5i miks pole mainitud tervet hulka muid piiblis sisalduvaid jumalikke massim\u00f5rvu (n\u00e4iteks \u00abBaal-Peori poole hoidmise eest\u00bb surmati 24 000 inimest, \u00abIssanda laekasse vaatamise eest\u00bb \u2013 minu isiklik lemmik \u2013 50 070 meest, Iisraeliga s\u00f5dimise eest tapeti 185 000 meest une pealt jne), aga teoloogilisse sohu eksimise asemel tuleks tagasi tulla fakti juurde, et l\u00f5ppude l\u00f5puks on tegu meelelahutusega.<\/p>\n\n\n\n<p>K\u00fcll aga ei tee paha vaadata seda ka neil, kes tihti k\u00f5nesid peavad pidama, sest materjali puuduses on \u00abT\u00f5e ja \u00f5iguse\u00bb k\u00f5rvalt \u00fcritatud end popina n\u00e4idata juba ka \u00abSipsikut\u00bb ja Nublut tsiteerides.<\/p>\n\n\n\n<p>Selle 2008. aasta n\u00e4idendi puhul on oluline mainida ka isiklikku konteksti. Anat Govi viimased kolm n\u00e4idendit on kirjutatud tema pika v\u00f5itluse ajal munasarjav\u00e4higa. Tema viimaseks n\u00e4idendiks j\u00e4i 2012. aastal lavale j\u00f5udnud \u00ab\u00d5nnelik l\u00f5pp\u00bb, mis on muusikaline kom\u00f6\u00f6dia keemiaravi saavast naisest. Anat Govi matustel osales \u00fcle tuhande inimese ning kaastundeavalduse tegid nii Iisraeli president kui peaminister. Tema abikaasa Init Gov (tuntud Iisraeli laulja ja saatejuht) nentis matuselistele l\u00e4bi pisarate: \u00abJa mina arvasin, et mina olen kuulus.\u00bb Anat Gov oli saabuvaks pikalt valmistunud ning oma hauaplatsigi \u00fcle vaadanud, talitusel k\u00f5las Monty Pythoni surematu \u00abAlways Look on the Bright Side of Life\u00bb.<\/p>\n","protected":false},"excerpt":{"rendered":"<p>Tauno VahterPostimees, 6.03.2020 Briti kirjanikult ja n\u00e4itlejalt Stephen Frylt p\u00e4riti intervjuus Iiri televisioonile, mida ta sooviks k\u00fcsida jumalalt taeva v\u00e4ravas. Fry vastas \u00fcsna vihaselt, et ta k\u00fcsiks, miks peaks kummardama mingit \u00f5elat ja rumalat sadisti, kes on v\u00e4lja m\u00f5elnud laste luu\u00fcdiv\u00e4hi ja haiguse, mille k\u00e4igus parasiidid tungivad laste silmadesse ja teevad nad pimedaks. Katoliiklasest saatejuht [&hellip;]<\/p>\n","protected":false},"author":7,"featured_media":0,"comment_status":"open","ping_status":"open","sticky":false,"template":"","format":"standard","meta":{"_acf_changed":false,"footnotes":""},"categories":[18],"tags":[],"class_list":["post-6517","post","type-post","status-publish","format-standard","hentry","category-meedia"],"acf":[],"yoast_head":"<!-- This site is optimized with the Yoast SEO plugin v27.5 - https:\/\/yoast.com\/product\/yoast-seo-wordpress\/ -->\n<title>Valitud kaebusi piiratud teov\u00f5imega jumalale - Draamateater<\/title>\n<meta name=\"robots\" content=\"index, follow, max-snippet:-1, max-image-preview:large, max-video-preview:-1\" \/>\n<link rel=\"canonical\" href=\"https:\/\/www.draamateater.ee\/en\/meedia\/valitud-kaebusi-piiratud-teovoimega-jumalale\/\" \/>\n<meta property=\"og:locale\" content=\"en_US\" \/>\n<meta property=\"og:type\" content=\"article\" \/>\n<meta property=\"og:title\" content=\"Valitud kaebusi piiratud teov\u00f5imega jumalale - Draamateater\" \/>\n<meta property=\"og:description\" content=\"Tauno VahterPostimees, 6.03.2020 Briti kirjanikult ja n\u00e4itlejalt Stephen Frylt p\u00e4riti intervjuus Iiri televisioonile, mida ta sooviks k\u00fcsida jumalalt taeva v\u00e4ravas. Fry vastas \u00fcsna vihaselt, et ta k\u00fcsiks, miks peaks kummardama mingit \u00f5elat ja rumalat sadisti, kes on v\u00e4lja m\u00f5elnud laste luu\u00fcdiv\u00e4hi ja haiguse, mille k\u00e4igus parasiidid tungivad laste silmadesse ja teevad nad pimedaks. Katoliiklasest saatejuht [&hellip;]\" \/>\n<meta property=\"og:url\" content=\"https:\/\/www.draamateater.ee\/en\/meedia\/valitud-kaebusi-piiratud-teovoimega-jumalale\/\" \/>\n<meta property=\"og:site_name\" content=\"Draamateater\" \/>\n<meta property=\"article:publisher\" content=\"https:\/\/www.facebook.com\/draamateater\/\" \/>\n<meta property=\"article:published_time\" content=\"2020-03-06T10:15:18+00:00\" \/>\n<meta property=\"article:modified_time\" content=\"2020-03-06T10:15:19+00:00\" \/>\n<meta name=\"author\" content=\"Kairi Kruus\" \/>\n<meta name=\"twitter:card\" content=\"summary_large_image\" \/>\n<meta name=\"twitter:label1\" content=\"Written by\" \/>\n\t<meta name=\"twitter:data1\" content=\"Kairi Kruus\" \/>\n\t<meta name=\"twitter:label2\" content=\"Est. reading time\" \/>\n\t<meta name=\"twitter:data2\" content=\"5 minutes\" \/>\n<script type=\"application\/ld+json\" class=\"yoast-schema-graph\">{\"@context\":\"https:\\\/\\\/schema.org\",\"@graph\":[{\"@type\":\"Article\",\"@id\":\"https:\\\/\\\/www.draamateater.ee\\\/en\\\/meedia\\\/valitud-kaebusi-piiratud-teovoimega-jumalale\\\/#article\",\"isPartOf\":{\"@id\":\"https:\\\/\\\/www.draamateater.ee\\\/en\\\/meedia\\\/valitud-kaebusi-piiratud-teovoimega-jumalale\\\/\"},\"author\":{\"name\":\"Kairi Kruus\",\"@id\":\"https:\\\/\\\/www.draamateater.ee\\\/en\\\/#\\\/schema\\\/person\\\/c2f0b83b03132b10c11d41ba665c61a8\"},\"headline\":\"Valitud kaebusi piiratud teov\u00f5imega jumalale\",\"datePublished\":\"2020-03-06T10:15:18+00:00\",\"dateModified\":\"2020-03-06T10:15:19+00:00\",\"mainEntityOfPage\":{\"@id\":\"https:\\\/\\\/www.draamateater.ee\\\/en\\\/meedia\\\/valitud-kaebusi-piiratud-teovoimega-jumalale\\\/\"},\"wordCount\":1026,\"commentCount\":0,\"articleSection\":[\"Meedia\"],\"inLanguage\":\"en-US\"},{\"@type\":\"WebPage\",\"@id\":\"https:\\\/\\\/www.draamateater.ee\\\/en\\\/meedia\\\/valitud-kaebusi-piiratud-teovoimega-jumalale\\\/\",\"url\":\"https:\\\/\\\/www.draamateater.ee\\\/en\\\/meedia\\\/valitud-kaebusi-piiratud-teovoimega-jumalale\\\/\",\"name\":\"Valitud kaebusi piiratud teov\u00f5imega jumalale - Draamateater\",\"isPartOf\":{\"@id\":\"https:\\\/\\\/www.draamateater.ee\\\/en\\\/#website\"},\"datePublished\":\"2020-03-06T10:15:18+00:00\",\"dateModified\":\"2020-03-06T10:15:19+00:00\",\"author\":{\"@id\":\"https:\\\/\\\/www.draamateater.ee\\\/en\\\/#\\\/schema\\\/person\\\/c2f0b83b03132b10c11d41ba665c61a8\"},\"breadcrumb\":{\"@id\":\"https:\\\/\\\/www.draamateater.ee\\\/en\\\/meedia\\\/valitud-kaebusi-piiratud-teovoimega-jumalale\\\/#breadcrumb\"},\"inLanguage\":\"en-US\",\"potentialAction\":[{\"@type\":\"ReadAction\",\"target\":[\"https:\\\/\\\/www.draamateater.ee\\\/en\\\/meedia\\\/valitud-kaebusi-piiratud-teovoimega-jumalale\\\/\"]}]},{\"@type\":\"BreadcrumbList\",\"@id\":\"https:\\\/\\\/www.draamateater.ee\\\/en\\\/meedia\\\/valitud-kaebusi-piiratud-teovoimega-jumalale\\\/#breadcrumb\",\"itemListElement\":[{\"@type\":\"ListItem\",\"position\":1,\"name\":\"Home\",\"item\":\"https:\\\/\\\/www.draamateater.ee\\\/en\\\/avaleht\\\/?lang=en\"},{\"@type\":\"ListItem\",\"position\":2,\"name\":\"Valitud kaebusi piiratud teov\u00f5imega jumalale\"}]},{\"@type\":\"WebSite\",\"@id\":\"https:\\\/\\\/www.draamateater.ee\\\/en\\\/#website\",\"url\":\"https:\\\/\\\/www.draamateater.ee\\\/en\\\/\",\"name\":\"Draamateater\",\"description\":\"\",\"potentialAction\":[{\"@type\":\"SearchAction\",\"target\":{\"@type\":\"EntryPoint\",\"urlTemplate\":\"https:\\\/\\\/www.draamateater.ee\\\/en\\\/?s={search_term_string}\"},\"query-input\":{\"@type\":\"PropertyValueSpecification\",\"valueRequired\":true,\"valueName\":\"search_term_string\"}}],\"inLanguage\":\"en-US\"},{\"@type\":\"Person\",\"@id\":\"https:\\\/\\\/www.draamateater.ee\\\/en\\\/#\\\/schema\\\/person\\\/c2f0b83b03132b10c11d41ba665c61a8\",\"name\":\"Kairi Kruus\",\"image\":{\"@type\":\"ImageObject\",\"inLanguage\":\"en-US\",\"@id\":\"https:\\\/\\\/secure.gravatar.com\\\/avatar\\\/a292351db92bfce07690cffcb31bec880cce00b5b581031bcc44f3464aced5ad?s=96&d=mm&r=g\",\"url\":\"https:\\\/\\\/secure.gravatar.com\\\/avatar\\\/a292351db92bfce07690cffcb31bec880cce00b5b581031bcc44f3464aced5ad?s=96&d=mm&r=g\",\"contentUrl\":\"https:\\\/\\\/secure.gravatar.com\\\/avatar\\\/a292351db92bfce07690cffcb31bec880cce00b5b581031bcc44f3464aced5ad?s=96&d=mm&r=g\",\"caption\":\"Kairi Kruus\"},\"sameAs\":[\"http:\\\/\\\/www.draamateater.ee\"],\"url\":\"https:\\\/\\\/www.draamateater.ee\\\/en\\\/author\\\/kairi\\\/\"}]}<\/script>\n<!-- \/ Yoast SEO plugin. -->","yoast_head_json":{"title":"Valitud kaebusi piiratud teov\u00f5imega jumalale - Draamateater","robots":{"index":"index","follow":"follow","max-snippet":"max-snippet:-1","max-image-preview":"max-image-preview:large","max-video-preview":"max-video-preview:-1"},"canonical":"https:\/\/www.draamateater.ee\/en\/meedia\/valitud-kaebusi-piiratud-teovoimega-jumalale\/","og_locale":"en_US","og_type":"article","og_title":"Valitud kaebusi piiratud teov\u00f5imega jumalale - Draamateater","og_description":"Tauno VahterPostimees, 6.03.2020 Briti kirjanikult ja n\u00e4itlejalt Stephen Frylt p\u00e4riti intervjuus Iiri televisioonile, mida ta sooviks k\u00fcsida jumalalt taeva v\u00e4ravas. Fry vastas \u00fcsna vihaselt, et ta k\u00fcsiks, miks peaks kummardama mingit \u00f5elat ja rumalat sadisti, kes on v\u00e4lja m\u00f5elnud laste luu\u00fcdiv\u00e4hi ja haiguse, mille k\u00e4igus parasiidid tungivad laste silmadesse ja teevad nad pimedaks. Katoliiklasest saatejuht [&hellip;]","og_url":"https:\/\/www.draamateater.ee\/en\/meedia\/valitud-kaebusi-piiratud-teovoimega-jumalale\/","og_site_name":"Draamateater","article_publisher":"https:\/\/www.facebook.com\/draamateater\/","article_published_time":"2020-03-06T10:15:18+00:00","article_modified_time":"2020-03-06T10:15:19+00:00","author":"Kairi Kruus","twitter_card":"summary_large_image","twitter_misc":{"Written by":"Kairi Kruus","Est. reading time":"5 minutes"},"schema":{"@context":"https:\/\/schema.org","@graph":[{"@type":"Article","@id":"https:\/\/www.draamateater.ee\/en\/meedia\/valitud-kaebusi-piiratud-teovoimega-jumalale\/#article","isPartOf":{"@id":"https:\/\/www.draamateater.ee\/en\/meedia\/valitud-kaebusi-piiratud-teovoimega-jumalale\/"},"author":{"name":"Kairi Kruus","@id":"https:\/\/www.draamateater.ee\/en\/#\/schema\/person\/c2f0b83b03132b10c11d41ba665c61a8"},"headline":"Valitud kaebusi piiratud teov\u00f5imega jumalale","datePublished":"2020-03-06T10:15:18+00:00","dateModified":"2020-03-06T10:15:19+00:00","mainEntityOfPage":{"@id":"https:\/\/www.draamateater.ee\/en\/meedia\/valitud-kaebusi-piiratud-teovoimega-jumalale\/"},"wordCount":1026,"commentCount":0,"articleSection":["Meedia"],"inLanguage":"en-US"},{"@type":"WebPage","@id":"https:\/\/www.draamateater.ee\/en\/meedia\/valitud-kaebusi-piiratud-teovoimega-jumalale\/","url":"https:\/\/www.draamateater.ee\/en\/meedia\/valitud-kaebusi-piiratud-teovoimega-jumalale\/","name":"Valitud kaebusi piiratud teov\u00f5imega jumalale - Draamateater","isPartOf":{"@id":"https:\/\/www.draamateater.ee\/en\/#website"},"datePublished":"2020-03-06T10:15:18+00:00","dateModified":"2020-03-06T10:15:19+00:00","author":{"@id":"https:\/\/www.draamateater.ee\/en\/#\/schema\/person\/c2f0b83b03132b10c11d41ba665c61a8"},"breadcrumb":{"@id":"https:\/\/www.draamateater.ee\/en\/meedia\/valitud-kaebusi-piiratud-teovoimega-jumalale\/#breadcrumb"},"inLanguage":"en-US","potentialAction":[{"@type":"ReadAction","target":["https:\/\/www.draamateater.ee\/en\/meedia\/valitud-kaebusi-piiratud-teovoimega-jumalale\/"]}]},{"@type":"BreadcrumbList","@id":"https:\/\/www.draamateater.ee\/en\/meedia\/valitud-kaebusi-piiratud-teovoimega-jumalale\/#breadcrumb","itemListElement":[{"@type":"ListItem","position":1,"name":"Home","item":"https:\/\/www.draamateater.ee\/en\/avaleht\/?lang=en"},{"@type":"ListItem","position":2,"name":"Valitud kaebusi piiratud teov\u00f5imega jumalale"}]},{"@type":"WebSite","@id":"https:\/\/www.draamateater.ee\/en\/#website","url":"https:\/\/www.draamateater.ee\/en\/","name":"Draamateater","description":"","potentialAction":[{"@type":"SearchAction","target":{"@type":"EntryPoint","urlTemplate":"https:\/\/www.draamateater.ee\/en\/?s={search_term_string}"},"query-input":{"@type":"PropertyValueSpecification","valueRequired":true,"valueName":"search_term_string"}}],"inLanguage":"en-US"},{"@type":"Person","@id":"https:\/\/www.draamateater.ee\/en\/#\/schema\/person\/c2f0b83b03132b10c11d41ba665c61a8","name":"Kairi Kruus","image":{"@type":"ImageObject","inLanguage":"en-US","@id":"https:\/\/secure.gravatar.com\/avatar\/a292351db92bfce07690cffcb31bec880cce00b5b581031bcc44f3464aced5ad?s=96&d=mm&r=g","url":"https:\/\/secure.gravatar.com\/avatar\/a292351db92bfce07690cffcb31bec880cce00b5b581031bcc44f3464aced5ad?s=96&d=mm&r=g","contentUrl":"https:\/\/secure.gravatar.com\/avatar\/a292351db92bfce07690cffcb31bec880cce00b5b581031bcc44f3464aced5ad?s=96&d=mm&r=g","caption":"Kairi Kruus"},"sameAs":["http:\/\/www.draamateater.ee"],"url":"https:\/\/www.draamateater.ee\/en\/author\/kairi\/"}]}},"_links":{"self":[{"href":"https:\/\/www.draamateater.ee\/en\/wp-json\/wp\/v2\/posts\/6517","targetHints":{"allow":["GET"]}}],"collection":[{"href":"https:\/\/www.draamateater.ee\/en\/wp-json\/wp\/v2\/posts"}],"about":[{"href":"https:\/\/www.draamateater.ee\/en\/wp-json\/wp\/v2\/types\/post"}],"author":[{"embeddable":true,"href":"https:\/\/www.draamateater.ee\/en\/wp-json\/wp\/v2\/users\/7"}],"replies":[{"embeddable":true,"href":"https:\/\/www.draamateater.ee\/en\/wp-json\/wp\/v2\/comments?post=6517"}],"version-history":[{"count":0,"href":"https:\/\/www.draamateater.ee\/en\/wp-json\/wp\/v2\/posts\/6517\/revisions"}],"wp:attachment":[{"href":"https:\/\/www.draamateater.ee\/en\/wp-json\/wp\/v2\/media?parent=6517"}],"wp:term":[{"taxonomy":"category","embeddable":true,"href":"https:\/\/www.draamateater.ee\/en\/wp-json\/wp\/v2\/categories?post=6517"},{"taxonomy":"post_tag","embeddable":true,"href":"https:\/\/www.draamateater.ee\/en\/wp-json\/wp\/v2\/tags?post=6517"}],"curies":[{"name":"wp","href":"https:\/\/api.w.org\/{rel}","templated":true}]}}